{"id":2703,"date":"2023-11-10T20:18:12","date_gmt":"2023-11-10T20:18:12","guid":{"rendered":"https:\/\/www.cab-acr.ca\/?p=2703"},"modified":"2023-11-10T20:18:02","modified_gmt":"2023-11-10T20:18:02","slug":"lacr-exhorte-le-gouvernement-a-reconnaitre-les-services-essentiels-fournis-par-les-radiodiffuseurs-dans-la-loi-sur-les-travailleurs-de-remplacement","status":"publish","type":"post","link":"https:\/\/www.cab-acr.ca\/fr\/lacr-exhorte-le-gouvernement-a-reconnaitre-les-services-essentiels-fournis-par-les-radiodiffuseurs-dans-la-loi-sur-les-travailleurs-de-remplacement\/","title":{"rendered":"L\u2019ACR exhorte le gouvernement \u00e0 reconna\u00eetre les services essentiels fournis par les radiodiffuseurs dans la loi sur les travailleurs de remplacement"},"content":{"rendered":"<p>En sa qualit\u00e9 de porte-parole national des radiodiffuseurs priv\u00e9s du Canada, l\u2019Association canadienne des radiodiffuseurs (ACR) exhorte le gouvernement \u00e0 faire une exception pour nos services de radio et de t\u00e9l\u00e9vision essentiels dans le projet de loi C-58 r\u00e9cemment d\u00e9pos\u00e9. Ce projet de loi interdit de recourir aux travailleurs de remplacement.<\/p>\n<p>Les radiodiffuseurs sont des fournisseurs essentiels de nouvelles et d\u2019information pour les communaut\u00e9s \u00e0 travers le pays. Ils doivent pouvoir faire appel \u00e0 des travailleurs de remplacement pour maintenir ce service public des plus importants. Si l\u2019on adoptait une interdiction trop large, cela affecterait gravement la capacit\u00e9 de nos stations de continuer \u00e0 fournir des \u00e9missions de nouvelles et d\u2019information vitales, surtout pendant les situations d\u2019urgence.<\/p>\n<p>Nous avons vu augmenter les feux de for\u00eat et les temp\u00eates ces derniers temps. Les radiodiffuseurs \u00e9taient l\u00e0 pour apporter les derni\u00e8res nouvelles \u00e0 leurs communaut\u00e9s, et ils ont assur\u00e9 ce service crucial m\u00eame quand Internet ne fonctionnait plus et il n\u2019y avait aucune r\u00e9ception sur t\u00e9l\u00e9phone cellulaire. Aujourd\u2019hui plus que jamais, le Canada ne peut pas se permettre de perdre ces lignes de sauvetage fiables pour communiquer.<\/p>\n<p>Il n\u2019y a pas longtemps, le gouvernement a d\u00e9sign\u00e9 la radio et la t\u00e9l\u00e9vision des services essentiels pendant la pand\u00e9mie de la COVID-19 afin d\u2019assurer la sant\u00e9, la s\u00e9curit\u00e9 et le bien-\u00eatre \u00e9conomique de la population. Le gouvernement de l\u2019Ontario en a fait autant. En ce qui concerne le projet de loi C-58, nous sugg\u00e9rons de dresser une liste semblable pour faire une exception dans le cas des services essentiels, y compris les radiodiffuseurs, pour s\u2019assurer que le public re\u00e7oive des renseignements essentiels sur les conditions climatiques extr\u00eames et d\u2019autres \u00e9v\u00e9nements comme les \u00e9lections. On ne saurait sous-estimer l\u2019importance de ce type de couverture.<\/p>\n<p>L\u2019ACR respecte le droit des travailleurs de se syndiquer, d\u2019avoir recours \u00e0 la n\u00e9gociation collective et de faire la gr\u00e8ve lorsqu\u2019il est n\u00e9cessaire lors de n\u00e9gociations avec les employeurs. Ce sont des aspects importants de l\u2019\u00e9cosyst\u00e8me de l\u2019emploi au Canada. Cependant, tout changement apport\u00e9 aux r\u00e8gles et processus actuels visant les travailleurs de remplacement doit reconna\u00eetre les services essentiels qui sont fournis par nos radiodiffuseurs.<\/p>\n","protected":false},"excerpt":{"rendered":"<p>En sa qualit\u00e9 de porte-parole national des radiodiffuseurs priv\u00e9s du Canada, l\u2019Association canadienne des radiodiffuseurs (ACR) exhorte le gouvernement \u00e0 faire une exception pour nos services de radio et de t\u00e9l\u00e9vision essentiels dans le projet de loi C-58 r\u00e9cemment d\u00e9pos\u00e9. Ce projet de loi interdit de recourir aux travailleurs de remplacement. Les radiodiffuseurs sont des [&hellip;]<\/p>\n","protected":false},"author":6,"featured_media":2702,"comment_status":"closed","ping_status":"open","sticky":false,"template":"","format":"standard","meta":{"_acf_changed":false,"_genesis_hide_title":false,"_genesis_hide_breadcrumbs":false,"_genesis_hide_singular_image":false,"_genesis_hide_footer_widgets":false,"_genesis_custom_body_class":"","_genesis_custom_post_class":"","_genesis_layout":"","footnotes":""},"categories":[82],"tags":[375,399,180,468,646],"class_list":{"0":"post-2703","1":"post","2":"type-post","3":"status-publish","4":"format-standard","5":"has-post-thumbnail","7":"category-nouvelles-du-secteur","8":"tag-radio-2","9":"tag-radio-fr","10":"tag-radiodiffusion-canadienne","11":"tag-television","12":"tag-travailleurs","13":"entry"},"acf":[],"yoast_head":"<!-- This site is optimized with the Yoast SEO plugin v27.5 - https:\/\/yoast.com\/product\/yoast-seo-wordpress\/ -->\n<title>L\u2019ACR exhorte le gouvernement \u00e0 reconna\u00eetre les services essentiels fournis par les radiodiffuseurs dans la loi sur les travailleurs de remplacement - Association canadienne des radiodiffuseurs<\/title>\n<meta name=\"robots\" content=\"index, follow, max-snippet:-1, max-image-preview:large, max-video-preview:-1\" \/>\n<link rel=\"canonical\" href=\"https:\/\/www.cab-acr.ca\/fr\/lacr-exhorte-le-gouvernement-a-reconnaitre-les-services-essentiels-fournis-par-les-radiodiffuseurs-dans-la-loi-sur-les-travailleurs-de-remplacement\/\" \/>\n<meta property=\"og:locale\" content=\"fr_FR\" \/>\n<meta property=\"og:type\" content=\"article\" \/>\n<meta property=\"og:title\" content=\"L\u2019ACR exhorte le gouvernement \u00e0 reconna\u00eetre les services essentiels fournis par les radiodiffuseurs dans la loi sur les travailleurs de remplacement - Association canadienne des radiodiffuseurs\" \/>\n<meta property=\"og:description\" content=\"En sa qualit\u00e9 de porte-parole national des radiodiffuseurs priv\u00e9s du Canada, l\u2019Association canadienne des radiodiffuseurs (ACR) exhorte le gouvernement \u00e0 faire une exception pour nos services de radio et de t\u00e9l\u00e9vision essentiels dans le projet de loi C-58 r\u00e9cemment d\u00e9pos\u00e9. Ce projet de loi interdit de recourir aux travailleurs de remplacement. Les radiodiffuseurs sont des [&hellip;]\" \/>\n<meta property=\"og:url\" content=\"https:\/\/www.cab-acr.ca\/fr\/lacr-exhorte-le-gouvernement-a-reconnaitre-les-services-essentiels-fournis-par-les-radiodiffuseurs-dans-la-loi-sur-les-travailleurs-de-remplacement\/\" \/>\n<meta property=\"og:site_name\" content=\"Association canadienne des radiodiffuseurs\" \/>\n<meta property=\"article:published_time\" content=\"2023-11-10T20:18:12+00:00\" \/>\n<meta property=\"og:image\" content=\"https:\/\/www.cab-acr.ca\/wp-content\/uploads\/2023\/11\/pexels-caleb-oquendo-4889277-scaled.jpg\" \/>\n\t<meta property=\"og:image:width\" content=\"2560\" \/>\n\t<meta property=\"og:image:height\" content=\"1439\" \/>\n\t<meta property=\"og:image:type\" content=\"image\/jpeg\" \/>\n<meta name=\"author\" content=\"Lesley\" \/>\n<meta name=\"twitter:card\" content=\"summary_large_image\" \/>\n<meta name=\"twitter:image\" content=\"https:\/\/www.cab-acr.ca\/wp-content\/uploads\/2023\/11\/pexels-caleb-oquendo-4889277-scaled.jpg\" \/>\n<meta name=\"twitter:label1\" content=\"\u00c9crit par\" \/>\n\t<meta name=\"twitter:data1\" content=\"Lesley\" \/>\n\t<meta name=\"twitter:label2\" content=\"Dur\u00e9e de lecture estim\u00e9e\" \/>\n\t<meta name=\"twitter:data2\" content=\"2 minutes\" \/>\n<script type=\"application\/ld+json\" class=\"yoast-schema-graph\">{\"@context\":\"https:\\\/\\\/schema.org\",\"@graph\":[{\"@type\":\"Article\",\"@id\":\"https:\\\/\\\/www.cab-acr.ca\\\/fr\\\/lacr-exhorte-le-gouvernement-a-reconnaitre-les-services-essentiels-fournis-par-les-radiodiffuseurs-dans-la-loi-sur-les-travailleurs-de-remplacement\\\/#article\",\"isPartOf\":{\"@id\":\"https:\\\/\\\/www.cab-acr.ca\\\/fr\\\/lacr-exhorte-le-gouvernement-a-reconnaitre-les-services-essentiels-fournis-par-les-radiodiffuseurs-dans-la-loi-sur-les-travailleurs-de-remplacement\\\/\"},\"author\":{\"name\":\"Lesley\",\"@id\":\"https:\\\/\\\/www.cab-acr.ca\\\/fr\\\/#\\\/schema\\\/person\\\/fb4235c3bd348974bb0b3c427c12fbd7\"},\"headline\":\"L\u2019ACR exhorte le gouvernement \u00e0 reconna\u00eetre les services essentiels fournis par les radiodiffuseurs dans la loi sur les travailleurs de remplacement\",\"datePublished\":\"2023-11-10T20:18:12+00:00\",\"mainEntityOfPage\":{\"@id\":\"https:\\\/\\\/www.cab-acr.ca\\\/fr\\\/lacr-exhorte-le-gouvernement-a-reconnaitre-les-services-essentiels-fournis-par-les-radiodiffuseurs-dans-la-loi-sur-les-travailleurs-de-remplacement\\\/\"},\"wordCount\":419,\"image\":{\"@id\":\"https:\\\/\\\/www.cab-acr.ca\\\/fr\\\/lacr-exhorte-le-gouvernement-a-reconnaitre-les-services-essentiels-fournis-par-les-radiodiffuseurs-dans-la-loi-sur-les-travailleurs-de-remplacement\\\/#primaryimage\"},\"thumbnailUrl\":\"https:\\\/\\\/www.cab-acr.ca\\\/wp-content\\\/uploads\\\/2023\\\/11\\\/pexels-caleb-oquendo-4889277-scaled.jpg\",\"keywords\":[\"Radio\",\"Radio\",\"Radiodiffusion canadienne\",\"T\u00e9l\u00e9vision\",\"Travailleurs\"],\"articleSection\":[\"Nouvelles du secteur\"],\"inLanguage\":\"fr-FR\"},{\"@type\":\"WebPage\",\"@id\":\"https:\\\/\\\/www.cab-acr.ca\\\/fr\\\/lacr-exhorte-le-gouvernement-a-reconnaitre-les-services-essentiels-fournis-par-les-radiodiffuseurs-dans-la-loi-sur-les-travailleurs-de-remplacement\\\/\",\"url\":\"https:\\\/\\\/www.cab-acr.ca\\\/fr\\\/lacr-exhorte-le-gouvernement-a-reconnaitre-les-services-essentiels-fournis-par-les-radiodiffuseurs-dans-la-loi-sur-les-travailleurs-de-remplacement\\\/\",\"name\":\"L\u2019ACR exhorte le gouvernement \u00e0 reconna\u00eetre les services essentiels fournis par les radiodiffuseurs dans la loi sur les travailleurs de remplacement - Association canadienne des radiodiffuseurs\",\"isPartOf\":{\"@id\":\"https:\\\/\\\/www.cab-acr.ca\\\/fr\\\/#website\"},\"primaryImageOfPage\":{\"@id\":\"https:\\\/\\\/www.cab-acr.ca\\\/fr\\\/lacr-exhorte-le-gouvernement-a-reconnaitre-les-services-essentiels-fournis-par-les-radiodiffuseurs-dans-la-loi-sur-les-travailleurs-de-remplacement\\\/#primaryimage\"},\"image\":{\"@id\":\"https:\\\/\\\/www.cab-acr.ca\\\/fr\\\/lacr-exhorte-le-gouvernement-a-reconnaitre-les-services-essentiels-fournis-par-les-radiodiffuseurs-dans-la-loi-sur-les-travailleurs-de-remplacement\\\/#primaryimage\"},\"thumbnailUrl\":\"https:\\\/\\\/www.cab-acr.ca\\\/wp-content\\\/uploads\\\/2023\\\/11\\\/pexels-caleb-oquendo-4889277-scaled.jpg\",\"datePublished\":\"2023-11-10T20:18:12+00:00\",\"author\":{\"@id\":\"https:\\\/\\\/www.cab-acr.ca\\\/fr\\\/#\\\/schema\\\/person\\\/fb4235c3bd348974bb0b3c427c12fbd7\"},\"breadcrumb\":{\"@id\":\"https:\\\/\\\/www.cab-acr.ca\\\/fr\\\/lacr-exhorte-le-gouvernement-a-reconnaitre-les-services-essentiels-fournis-par-les-radiodiffuseurs-dans-la-loi-sur-les-travailleurs-de-remplacement\\\/#breadcrumb\"},\"inLanguage\":\"fr-FR\",\"potentialAction\":[{\"@type\":\"ReadAction\",\"target\":[\"https:\\\/\\\/www.cab-acr.ca\\\/fr\\\/lacr-exhorte-le-gouvernement-a-reconnaitre-les-services-essentiels-fournis-par-les-radiodiffuseurs-dans-la-loi-sur-les-travailleurs-de-remplacement\\\/\"]}]},{\"@type\":\"ImageObject\",\"inLanguage\":\"fr-FR\",\"@id\":\"https:\\\/\\\/www.cab-acr.ca\\\/fr\\\/lacr-exhorte-le-gouvernement-a-reconnaitre-les-services-essentiels-fournis-par-les-radiodiffuseurs-dans-la-loi-sur-les-travailleurs-de-remplacement\\\/#primaryimage\",\"url\":\"https:\\\/\\\/www.cab-acr.ca\\\/wp-content\\\/uploads\\\/2023\\\/11\\\/pexels-caleb-oquendo-4889277-scaled.jpg\",\"contentUrl\":\"https:\\\/\\\/www.cab-acr.ca\\\/wp-content\\\/uploads\\\/2023\\\/11\\\/pexels-caleb-oquendo-4889277-scaled.jpg\",\"width\":2560,\"height\":1439},{\"@type\":\"BreadcrumbList\",\"@id\":\"https:\\\/\\\/www.cab-acr.ca\\\/fr\\\/lacr-exhorte-le-gouvernement-a-reconnaitre-les-services-essentiels-fournis-par-les-radiodiffuseurs-dans-la-loi-sur-les-travailleurs-de-remplacement\\\/#breadcrumb\",\"itemListElement\":[{\"@type\":\"ListItem\",\"position\":1,\"name\":\"Home\",\"item\":\"https:\\\/\\\/www.cab-acr.ca\\\/fr\\\/\"},{\"@type\":\"ListItem\",\"position\":2,\"name\":\"L\u2019ACR exhorte le gouvernement \u00e0 reconna\u00eetre les services essentiels fournis par les radiodiffuseurs dans la loi sur les travailleurs de remplacement\"}]},{\"@type\":\"WebSite\",\"@id\":\"https:\\\/\\\/www.cab-acr.ca\\\/fr\\\/#website\",\"url\":\"https:\\\/\\\/www.cab-acr.ca\\\/fr\\\/\",\"name\":\"Association canadienne des radiodiffuseurs\",\"description\":\"ACR\",\"potentialAction\":[{\"@type\":\"SearchAction\",\"target\":{\"@type\":\"EntryPoint\",\"urlTemplate\":\"https:\\\/\\\/www.cab-acr.ca\\\/fr\\\/?s={search_term_string}\"},\"query-input\":{\"@type\":\"PropertyValueSpecification\",\"valueRequired\":true,\"valueName\":\"search_term_string\"}}],\"inLanguage\":\"fr-FR\"},{\"@type\":\"Person\",\"@id\":\"https:\\\/\\\/www.cab-acr.ca\\\/fr\\\/#\\\/schema\\\/person\\\/fb4235c3bd348974bb0b3c427c12fbd7\",\"name\":\"Lesley\",\"image\":{\"@type\":\"ImageObject\",\"inLanguage\":\"fr-FR\",\"@id\":\"https:\\\/\\\/secure.gravatar.com\\\/avatar\\\/b7e6e40b1e26090f962df3243a4720b85aa9a190902e9cd87a6fd1d22db31c69?s=96&d=mm&r=g\",\"url\":\"https:\\\/\\\/secure.gravatar.com\\\/avatar\\\/b7e6e40b1e26090f962df3243a4720b85aa9a190902e9cd87a6fd1d22db31c69?s=96&d=mm&r=g\",\"contentUrl\":\"https:\\\/\\\/secure.gravatar.com\\\/avatar\\\/b7e6e40b1e26090f962df3243a4720b85aa9a190902e9cd87a6fd1d22db31c69?s=96&d=mm&r=g\",\"caption\":\"Lesley\"},\"url\":\"https:\\\/\\\/www.cab-acr.ca\\\/fr\\\/author\\\/lesley\\\/\"}]}<\/script>\n<!-- \/ Yoast SEO plugin. -->","yoast_head_json":{"title":"L\u2019ACR exhorte le gouvernement \u00e0 reconna\u00eetre les services essentiels fournis par les radiodiffuseurs dans la loi sur les travailleurs de remplacement - Association canadienne des radiodiffuseurs","robots":{"index":"index","follow":"follow","max-snippet":"max-snippet:-1","max-image-preview":"max-image-preview:large","max-video-preview":"max-video-preview:-1"},"canonical":"https:\/\/www.cab-acr.ca\/fr\/lacr-exhorte-le-gouvernement-a-reconnaitre-les-services-essentiels-fournis-par-les-radiodiffuseurs-dans-la-loi-sur-les-travailleurs-de-remplacement\/","og_locale":"fr_FR","og_type":"article","og_title":"L\u2019ACR exhorte le gouvernement \u00e0 reconna\u00eetre les services essentiels fournis par les radiodiffuseurs dans la loi sur les travailleurs de remplacement - Association canadienne des radiodiffuseurs","og_description":"En sa qualit\u00e9 de porte-parole national des radiodiffuseurs priv\u00e9s du Canada, l\u2019Association canadienne des radiodiffuseurs (ACR) exhorte le gouvernement \u00e0 faire une exception pour nos services de radio et de t\u00e9l\u00e9vision essentiels dans le projet de loi C-58 r\u00e9cemment d\u00e9pos\u00e9. Ce projet de loi interdit de recourir aux travailleurs de remplacement. Les radiodiffuseurs sont des [&hellip;]","og_url":"https:\/\/www.cab-acr.ca\/fr\/lacr-exhorte-le-gouvernement-a-reconnaitre-les-services-essentiels-fournis-par-les-radiodiffuseurs-dans-la-loi-sur-les-travailleurs-de-remplacement\/","og_site_name":"Association canadienne des radiodiffuseurs","article_published_time":"2023-11-10T20:18:12+00:00","og_image":[{"width":2560,"height":1439,"url":"https:\/\/www.cab-acr.ca\/wp-content\/uploads\/2023\/11\/pexels-caleb-oquendo-4889277-scaled.jpg","type":"image\/jpeg"}],"author":"Lesley","twitter_card":"summary_large_image","twitter_image":"https:\/\/www.cab-acr.ca\/wp-content\/uploads\/2023\/11\/pexels-caleb-oquendo-4889277-scaled.jpg","twitter_misc":{"\u00c9crit par":"Lesley","Dur\u00e9e de lecture estim\u00e9e":"2 minutes"},"schema":{"@context":"https:\/\/schema.org","@graph":[{"@type":"Article","@id":"https:\/\/www.cab-acr.ca\/fr\/lacr-exhorte-le-gouvernement-a-reconnaitre-les-services-essentiels-fournis-par-les-radiodiffuseurs-dans-la-loi-sur-les-travailleurs-de-remplacement\/#article","isPartOf":{"@id":"https:\/\/www.cab-acr.ca\/fr\/lacr-exhorte-le-gouvernement-a-reconnaitre-les-services-essentiels-fournis-par-les-radiodiffuseurs-dans-la-loi-sur-les-travailleurs-de-remplacement\/"},"author":{"name":"Lesley","@id":"https:\/\/www.cab-acr.ca\/fr\/#\/schema\/person\/fb4235c3bd348974bb0b3c427c12fbd7"},"headline":"L\u2019ACR exhorte le gouvernement \u00e0 reconna\u00eetre les services essentiels fournis par les radiodiffuseurs dans la loi sur les travailleurs de remplacement","datePublished":"2023-11-10T20:18:12+00:00","mainEntityOfPage":{"@id":"https:\/\/www.cab-acr.ca\/fr\/lacr-exhorte-le-gouvernement-a-reconnaitre-les-services-essentiels-fournis-par-les-radiodiffuseurs-dans-la-loi-sur-les-travailleurs-de-remplacement\/"},"wordCount":419,"image":{"@id":"https:\/\/www.cab-acr.ca\/fr\/lacr-exhorte-le-gouvernement-a-reconnaitre-les-services-essentiels-fournis-par-les-radiodiffuseurs-dans-la-loi-sur-les-travailleurs-de-remplacement\/#primaryimage"},"thumbnailUrl":"https:\/\/www.cab-acr.ca\/wp-content\/uploads\/2023\/11\/pexels-caleb-oquendo-4889277-scaled.jpg","keywords":["Radio","Radio","Radiodiffusion canadienne","T\u00e9l\u00e9vision","Travailleurs"],"articleSection":["Nouvelles du secteur"],"inLanguage":"fr-FR"},{"@type":"WebPage","@id":"https:\/\/www.cab-acr.ca\/fr\/lacr-exhorte-le-gouvernement-a-reconnaitre-les-services-essentiels-fournis-par-les-radiodiffuseurs-dans-la-loi-sur-les-travailleurs-de-remplacement\/","url":"https:\/\/www.cab-acr.ca\/fr\/lacr-exhorte-le-gouvernement-a-reconnaitre-les-services-essentiels-fournis-par-les-radiodiffuseurs-dans-la-loi-sur-les-travailleurs-de-remplacement\/","name":"L\u2019ACR exhorte le gouvernement \u00e0 reconna\u00eetre les services essentiels fournis par les radiodiffuseurs dans la loi sur les travailleurs de remplacement - Association canadienne des radiodiffuseurs","isPartOf":{"@id":"https:\/\/www.cab-acr.ca\/fr\/#website"},"primaryImageOfPage":{"@id":"https:\/\/www.cab-acr.ca\/fr\/lacr-exhorte-le-gouvernement-a-reconnaitre-les-services-essentiels-fournis-par-les-radiodiffuseurs-dans-la-loi-sur-les-travailleurs-de-remplacement\/#primaryimage"},"image":{"@id":"https:\/\/www.cab-acr.ca\/fr\/lacr-exhorte-le-gouvernement-a-reconnaitre-les-services-essentiels-fournis-par-les-radiodiffuseurs-dans-la-loi-sur-les-travailleurs-de-remplacement\/#primaryimage"},"thumbnailUrl":"https:\/\/www.cab-acr.ca\/wp-content\/uploads\/2023\/11\/pexels-caleb-oquendo-4889277-scaled.jpg","datePublished":"2023-11-10T20:18:12+00:00","author":{"@id":"https:\/\/www.cab-acr.ca\/fr\/#\/schema\/person\/fb4235c3bd348974bb0b3c427c12fbd7"},"breadcrumb":{"@id":"https:\/\/www.cab-acr.ca\/fr\/lacr-exhorte-le-gouvernement-a-reconnaitre-les-services-essentiels-fournis-par-les-radiodiffuseurs-dans-la-loi-sur-les-travailleurs-de-remplacement\/#breadcrumb"},"inLanguage":"fr-FR","potentialAction":[{"@type":"ReadAction","target":["https:\/\/www.cab-acr.ca\/fr\/lacr-exhorte-le-gouvernement-a-reconnaitre-les-services-essentiels-fournis-par-les-radiodiffuseurs-dans-la-loi-sur-les-travailleurs-de-remplacement\/"]}]},{"@type":"ImageObject","inLanguage":"fr-FR","@id":"https:\/\/www.cab-acr.ca\/fr\/lacr-exhorte-le-gouvernement-a-reconnaitre-les-services-essentiels-fournis-par-les-radiodiffuseurs-dans-la-loi-sur-les-travailleurs-de-remplacement\/#primaryimage","url":"https:\/\/www.cab-acr.ca\/wp-content\/uploads\/2023\/11\/pexels-caleb-oquendo-4889277-scaled.jpg","contentUrl":"https:\/\/www.cab-acr.ca\/wp-content\/uploads\/2023\/11\/pexels-caleb-oquendo-4889277-scaled.jpg","width":2560,"height":1439},{"@type":"BreadcrumbList","@id":"https:\/\/www.cab-acr.ca\/fr\/lacr-exhorte-le-gouvernement-a-reconnaitre-les-services-essentiels-fournis-par-les-radiodiffuseurs-dans-la-loi-sur-les-travailleurs-de-remplacement\/#breadcrumb","itemListElement":[{"@type":"ListItem","position":1,"name":"Home","item":"https:\/\/www.cab-acr.ca\/fr\/"},{"@type":"ListItem","position":2,"name":"L\u2019ACR exhorte le gouvernement \u00e0 reconna\u00eetre les services essentiels fournis par les radiodiffuseurs dans la loi sur les travailleurs de remplacement"}]},{"@type":"WebSite","@id":"https:\/\/www.cab-acr.ca\/fr\/#website","url":"https:\/\/www.cab-acr.ca\/fr\/","name":"Association canadienne des radiodiffuseurs","description":"ACR","potentialAction":[{"@type":"SearchAction","target":{"@type":"EntryPoint","urlTemplate":"https:\/\/www.cab-acr.ca\/fr\/?s={search_term_string}"},"query-input":{"@type":"PropertyValueSpecification","valueRequired":true,"valueName":"search_term_string"}}],"inLanguage":"fr-FR"},{"@type":"Person","@id":"https:\/\/www.cab-acr.ca\/fr\/#\/schema\/person\/fb4235c3bd348974bb0b3c427c12fbd7","name":"Lesley","image":{"@type":"ImageObject","inLanguage":"fr-FR","@id":"https:\/\/secure.gravatar.com\/avatar\/b7e6e40b1e26090f962df3243a4720b85aa9a190902e9cd87a6fd1d22db31c69?s=96&d=mm&r=g","url":"https:\/\/secure.gravatar.com\/avatar\/b7e6e40b1e26090f962df3243a4720b85aa9a190902e9cd87a6fd1d22db31c69?s=96&d=mm&r=g","contentUrl":"https:\/\/secure.gravatar.com\/avatar\/b7e6e40b1e26090f962df3243a4720b85aa9a190902e9cd87a6fd1d22db31c69?s=96&d=mm&r=g","caption":"Lesley"},"url":"https:\/\/www.cab-acr.ca\/fr\/author\/lesley\/"}]}},"_links":{"self":[{"href":"https:\/\/www.cab-acr.ca\/fr\/wp-json\/wp\/v2\/posts\/2703","targetHints":{"allow":["GET"]}}],"collection":[{"href":"https:\/\/www.cab-acr.ca\/fr\/wp-json\/wp\/v2\/posts"}],"about":[{"href":"https:\/\/www.cab-acr.ca\/fr\/wp-json\/wp\/v2\/types\/post"}],"author":[{"embeddable":true,"href":"https:\/\/www.cab-acr.ca\/fr\/wp-json\/wp\/v2\/users\/6"}],"replies":[{"embeddable":true,"href":"https:\/\/www.cab-acr.ca\/fr\/wp-json\/wp\/v2\/comments?post=2703"}],"version-history":[{"count":0,"href":"https:\/\/www.cab-acr.ca\/fr\/wp-json\/wp\/v2\/posts\/2703\/revisions"}],"wp:featuredmedia":[{"embeddable":true,"href":"https:\/\/www.cab-acr.ca\/fr\/wp-json\/wp\/v2\/media\/2702"}],"wp:attachment":[{"href":"https:\/\/www.cab-acr.ca\/fr\/wp-json\/wp\/v2\/media?parent=2703"}],"wp:term":[{"taxonomy":"category","embeddable":true,"href":"https:\/\/www.cab-acr.ca\/fr\/wp-json\/wp\/v2\/categories?post=2703"},{"taxonomy":"post_tag","embeddable":true,"href":"https:\/\/www.cab-acr.ca\/fr\/wp-json\/wp\/v2\/tags?post=2703"}],"curies":[{"name":"wp","href":"https:\/\/api.w.org\/{rel}","templated":true}]}}