{"id":2621,"date":"2023-07-05T19:22:25","date_gmt":"2023-07-05T19:22:25","guid":{"rendered":"https:\/\/www.cab-acr.ca\/?p=2621"},"modified":"2023-07-05T19:36:32","modified_gmt":"2023-07-05T19:36:32","slug":"lacr-salue-la-decision-du-gouvernement-du-canada-de-suspendre-la-publicite-sur-les-plateformes-de-meta","status":"publish","type":"post","link":"https:\/\/www.cab-acr.ca\/fr\/lacr-salue-la-decision-du-gouvernement-du-canada-de-suspendre-la-publicite-sur-les-plateformes-de-meta\/","title":{"rendered":"L\u2019ACR salue la d\u00e9cision du gouvernement du Canada de suspendre la publicit\u00e9 sur les plateformes de Meta"},"content":{"rendered":"<p>L\u2019Association canadienne des radiodiffuseurs (ACR) salue la d\u00e9cision du gouvernement du Canada de suspendre la publicit\u00e9 sur Facebook et Instagram, compte tenu des mesures prises par leur soci\u00e9t\u00e9 m\u00e8re pour bloquer les nouvelles canadiennes sur ses plateformes.<\/p>\n<p>\u00ab Le gouvernement a franchi une \u00e9tape importante pour tenir t\u00eate \u00e0 Meta, en d\u00e9fendant les salles de presse canadiennes \u00bb, a d\u00e9clar\u00e9 le pr\u00e9sident de l\u2019ACR, Kevin Desjardins. \u00ab Nous encourageons tous les ordres de gouvernement et les entreprises qui se soucient de l\u2019avenir de notre d\u00e9mocratie et de notre journalisme au Canada \u00e0 tenir compte des actions de ces plateformes lorsqu\u2019ils choisissent o\u00f9 ils investissent leurs dollars publicitaires \u00bb<\/p>\n<p>\u00ab Ces g\u00e9ants du web \u00e9trangers utilisent leurs positions dominantes dans la publicit\u00e9 num\u00e9rique pour soutirer des dizaines de milliards \u00e0 l\u2019\u00e9conomie canadienne sans redonner \u00bb, poursuit Desjardins. \u00ab Nous appelons Google et Meta \u00e0 agir de mani\u00e8re responsable et \u00e0 cesser de permettre \u00e0 la d\u00e9sinformation de prosp\u00e9rer en endommageant d\u00e9lib\u00e9r\u00e9ment l\u2019acc\u00e8s \u00e0 un journalisme professionnel de haute qualit\u00e9. \u00bb<\/p>\n","protected":false},"excerpt":{"rendered":"<p>L\u2019Association canadienne des radiodiffuseurs (ACR) salue la d\u00e9cision du gouvernement du Canada de suspendre la publicit\u00e9 sur Facebook et Instagram, compte tenu des mesures prises par leur soci\u00e9t\u00e9 m\u00e8re pour bloquer les nouvelles canadiennes sur ses plateformes. \u00ab Le gouvernement a franchi une \u00e9tape importante pour tenir t\u00eate \u00e0 Meta, en d\u00e9fendant les salles de [&hellip;]<\/p>\n","protected":false},"author":6,"featured_media":2620,"comment_status":"closed","ping_status":"open","sticky":false,"template":"","format":"standard","meta":{"_acf_changed":false,"_genesis_hide_title":false,"_genesis_hide_breadcrumbs":false,"_genesis_hide_singular_image":false,"_genesis_hide_footer_widgets":false,"_genesis_custom_body_class":"","_genesis_custom_post_class":"","_genesis_layout":"","footnotes":""},"categories":[82],"tags":[530,296,298,403],"class_list":{"0":"post-2621","1":"post","2":"type-post","3":"status-publish","4":"format-standard","5":"has-post-thumbnail","7":"category-nouvelles-du-secteur","8":"tag-gouvernement-du-canada","9":"tag-loi-sur-les-nouvelles-en-ligne","10":"tag-projet-de-loi-c-18","11":"tag-publicite","12":"entry"},"acf":[],"yoast_head":"<!-- This site is optimized with the Yoast SEO plugin v27.5 - https:\/\/yoast.com\/product\/yoast-seo-wordpress\/ -->\n<title>L\u2019ACR salue la d\u00e9cision du gouvernement du Canada de suspendre la publicit\u00e9 sur les plateformes de Meta - Association canadienne des radiodiffuseurs<\/title>\n<meta name=\"description\" content=\"L\u2019Association canadienne des radiodiffuseurs (ACR) salue la d\u00e9cision du gouvernement du Canada de suspendre la publicit\u00e9 sur Facebook et Instagram, compte tenu des mesures prises par leur soci\u00e9t\u00e9 m\u00e8re pour bloquer les nouvelles canadiennes sur ses plateformes.\" \/>\n<meta name=\"robots\" content=\"index, follow, max-snippet:-1, max-image-preview:large, max-video-preview:-1\" \/>\n<link rel=\"canonical\" href=\"https:\/\/www.cab-acr.ca\/fr\/lacr-salue-la-decision-du-gouvernement-du-canada-de-suspendre-la-publicite-sur-les-plateformes-de-meta\/\" \/>\n<meta property=\"og:locale\" content=\"fr_FR\" \/>\n<meta property=\"og:type\" content=\"article\" \/>\n<meta property=\"og:title\" content=\"L\u2019ACR salue la d\u00e9cision du gouvernement du Canada de suspendre la publicit\u00e9 sur les plateformes de Meta - Association canadienne des radiodiffuseurs\" \/>\n<meta property=\"og:description\" content=\"L\u2019Association canadienne des radiodiffuseurs (ACR) salue la d\u00e9cision du gouvernement du Canada de suspendre la publicit\u00e9 sur Facebook et Instagram, compte tenu des mesures prises par leur soci\u00e9t\u00e9 m\u00e8re pour bloquer les nouvelles canadiennes sur ses plateformes.\" \/>\n<meta property=\"og:url\" content=\"https:\/\/www.cab-acr.ca\/fr\/lacr-salue-la-decision-du-gouvernement-du-canada-de-suspendre-la-publicite-sur-les-plateformes-de-meta\/\" \/>\n<meta property=\"og:site_name\" content=\"Association canadienne des radiodiffuseurs\" \/>\n<meta property=\"article:published_time\" content=\"2023-07-05T19:22:25+00:00\" \/>\n<meta property=\"article:modified_time\" content=\"2023-07-05T19:36:32+00:00\" \/>\n<meta property=\"og:image\" content=\"https:\/\/www.cab-acr.ca\/wp-content\/uploads\/2023\/07\/pexels-kaboompics-com-6336-scaled.jpg\" \/>\n\t<meta property=\"og:image:width\" content=\"2560\" \/>\n\t<meta property=\"og:image:height\" content=\"1707\" \/>\n\t<meta property=\"og:image:type\" content=\"image\/jpeg\" \/>\n<meta name=\"author\" content=\"Lesley\" \/>\n<meta name=\"twitter:card\" content=\"summary_large_image\" \/>\n<meta name=\"twitter:image\" content=\"https:\/\/www.cab-acr.ca\/wp-content\/uploads\/2023\/07\/pexels-kaboompics-com-6336-scaled.jpg\" \/>\n<meta name=\"twitter:label1\" content=\"\u00c9crit par\" \/>\n\t<meta name=\"twitter:data1\" content=\"Lesley\" \/>\n\t<meta name=\"twitter:label2\" content=\"Dur\u00e9e de lecture estim\u00e9e\" \/>\n\t<meta name=\"twitter:data2\" content=\"1 minute\" \/>\n<script type=\"application\/ld+json\" class=\"yoast-schema-graph\">{\"@context\":\"https:\\\/\\\/schema.org\",\"@graph\":[{\"@type\":\"Article\",\"@id\":\"https:\\\/\\\/www.cab-acr.ca\\\/fr\\\/lacr-salue-la-decision-du-gouvernement-du-canada-de-suspendre-la-publicite-sur-les-plateformes-de-meta\\\/#article\",\"isPartOf\":{\"@id\":\"https:\\\/\\\/www.cab-acr.ca\\\/fr\\\/lacr-salue-la-decision-du-gouvernement-du-canada-de-suspendre-la-publicite-sur-les-plateformes-de-meta\\\/\"},\"author\":{\"name\":\"Lesley\",\"@id\":\"https:\\\/\\\/www.cab-acr.ca\\\/fr\\\/#\\\/schema\\\/person\\\/fb4235c3bd348974bb0b3c427c12fbd7\"},\"headline\":\"L\u2019ACR salue la d\u00e9cision du gouvernement du Canada de suspendre la publicit\u00e9 sur les plateformes de Meta\",\"datePublished\":\"2023-07-05T19:22:25+00:00\",\"dateModified\":\"2023-07-05T19:36:32+00:00\",\"mainEntityOfPage\":{\"@id\":\"https:\\\/\\\/www.cab-acr.ca\\\/fr\\\/lacr-salue-la-decision-du-gouvernement-du-canada-de-suspendre-la-publicite-sur-les-plateformes-de-meta\\\/\"},\"wordCount\":196,\"image\":{\"@id\":\"https:\\\/\\\/www.cab-acr.ca\\\/fr\\\/lacr-salue-la-decision-du-gouvernement-du-canada-de-suspendre-la-publicite-sur-les-plateformes-de-meta\\\/#primaryimage\"},\"thumbnailUrl\":\"https:\\\/\\\/www.cab-acr.ca\\\/wp-content\\\/uploads\\\/2023\\\/07\\\/pexels-kaboompics-com-6336-scaled.jpg\",\"keywords\":[\"Gouvernement du Canada\",\"Loi sur les nouvelles en ligne\",\"Projet de loi C-18\",\"Publicit\u00e9\"],\"articleSection\":[\"Nouvelles du secteur\"],\"inLanguage\":\"fr-FR\"},{\"@type\":\"WebPage\",\"@id\":\"https:\\\/\\\/www.cab-acr.ca\\\/fr\\\/lacr-salue-la-decision-du-gouvernement-du-canada-de-suspendre-la-publicite-sur-les-plateformes-de-meta\\\/\",\"url\":\"https:\\\/\\\/www.cab-acr.ca\\\/fr\\\/lacr-salue-la-decision-du-gouvernement-du-canada-de-suspendre-la-publicite-sur-les-plateformes-de-meta\\\/\",\"name\":\"L\u2019ACR salue la d\u00e9cision du gouvernement du Canada de suspendre la publicit\u00e9 sur les plateformes de Meta - Association canadienne des radiodiffuseurs\",\"isPartOf\":{\"@id\":\"https:\\\/\\\/www.cab-acr.ca\\\/fr\\\/#website\"},\"primaryImageOfPage\":{\"@id\":\"https:\\\/\\\/www.cab-acr.ca\\\/fr\\\/lacr-salue-la-decision-du-gouvernement-du-canada-de-suspendre-la-publicite-sur-les-plateformes-de-meta\\\/#primaryimage\"},\"image\":{\"@id\":\"https:\\\/\\\/www.cab-acr.ca\\\/fr\\\/lacr-salue-la-decision-du-gouvernement-du-canada-de-suspendre-la-publicite-sur-les-plateformes-de-meta\\\/#primaryimage\"},\"thumbnailUrl\":\"https:\\\/\\\/www.cab-acr.ca\\\/wp-content\\\/uploads\\\/2023\\\/07\\\/pexels-kaboompics-com-6336-scaled.jpg\",\"datePublished\":\"2023-07-05T19:22:25+00:00\",\"dateModified\":\"2023-07-05T19:36:32+00:00\",\"author\":{\"@id\":\"https:\\\/\\\/www.cab-acr.ca\\\/fr\\\/#\\\/schema\\\/person\\\/fb4235c3bd348974bb0b3c427c12fbd7\"},\"description\":\"L\u2019Association canadienne des radiodiffuseurs (ACR) salue la d\u00e9cision du gouvernement du Canada de suspendre la publicit\u00e9 sur Facebook et Instagram, compte tenu des mesures prises par leur soci\u00e9t\u00e9 m\u00e8re pour bloquer les nouvelles canadiennes sur ses plateformes.\",\"breadcrumb\":{\"@id\":\"https:\\\/\\\/www.cab-acr.ca\\\/fr\\\/lacr-salue-la-decision-du-gouvernement-du-canada-de-suspendre-la-publicite-sur-les-plateformes-de-meta\\\/#breadcrumb\"},\"inLanguage\":\"fr-FR\",\"potentialAction\":[{\"@type\":\"ReadAction\",\"target\":[\"https:\\\/\\\/www.cab-acr.ca\\\/fr\\\/lacr-salue-la-decision-du-gouvernement-du-canada-de-suspendre-la-publicite-sur-les-plateformes-de-meta\\\/\"]}]},{\"@type\":\"ImageObject\",\"inLanguage\":\"fr-FR\",\"@id\":\"https:\\\/\\\/www.cab-acr.ca\\\/fr\\\/lacr-salue-la-decision-du-gouvernement-du-canada-de-suspendre-la-publicite-sur-les-plateformes-de-meta\\\/#primaryimage\",\"url\":\"https:\\\/\\\/www.cab-acr.ca\\\/wp-content\\\/uploads\\\/2023\\\/07\\\/pexels-kaboompics-com-6336-scaled.jpg\",\"contentUrl\":\"https:\\\/\\\/www.cab-acr.ca\\\/wp-content\\\/uploads\\\/2023\\\/07\\\/pexels-kaboompics-com-6336-scaled.jpg\",\"width\":2560,\"height\":1707},{\"@type\":\"BreadcrumbList\",\"@id\":\"https:\\\/\\\/www.cab-acr.ca\\\/fr\\\/lacr-salue-la-decision-du-gouvernement-du-canada-de-suspendre-la-publicite-sur-les-plateformes-de-meta\\\/#breadcrumb\",\"itemListElement\":[{\"@type\":\"ListItem\",\"position\":1,\"name\":\"Home\",\"item\":\"https:\\\/\\\/www.cab-acr.ca\\\/fr\\\/\"},{\"@type\":\"ListItem\",\"position\":2,\"name\":\"L\u2019ACR salue la d\u00e9cision du gouvernement du Canada de suspendre la publicit\u00e9 sur les plateformes de Meta\"}]},{\"@type\":\"WebSite\",\"@id\":\"https:\\\/\\\/www.cab-acr.ca\\\/fr\\\/#website\",\"url\":\"https:\\\/\\\/www.cab-acr.ca\\\/fr\\\/\",\"name\":\"Association canadienne des radiodiffuseurs\",\"description\":\"ACR\",\"potentialAction\":[{\"@type\":\"SearchAction\",\"target\":{\"@type\":\"EntryPoint\",\"urlTemplate\":\"https:\\\/\\\/www.cab-acr.ca\\\/fr\\\/?s={search_term_string}\"},\"query-input\":{\"@type\":\"PropertyValueSpecification\",\"valueRequired\":true,\"valueName\":\"search_term_string\"}}],\"inLanguage\":\"fr-FR\"},{\"@type\":\"Person\",\"@id\":\"https:\\\/\\\/www.cab-acr.ca\\\/fr\\\/#\\\/schema\\\/person\\\/fb4235c3bd348974bb0b3c427c12fbd7\",\"name\":\"Lesley\",\"image\":{\"@type\":\"ImageObject\",\"inLanguage\":\"fr-FR\",\"@id\":\"https:\\\/\\\/secure.gravatar.com\\\/avatar\\\/b7e6e40b1e26090f962df3243a4720b85aa9a190902e9cd87a6fd1d22db31c69?s=96&d=mm&r=g\",\"url\":\"https:\\\/\\\/secure.gravatar.com\\\/avatar\\\/b7e6e40b1e26090f962df3243a4720b85aa9a190902e9cd87a6fd1d22db31c69?s=96&d=mm&r=g\",\"contentUrl\":\"https:\\\/\\\/secure.gravatar.com\\\/avatar\\\/b7e6e40b1e26090f962df3243a4720b85aa9a190902e9cd87a6fd1d22db31c69?s=96&d=mm&r=g\",\"caption\":\"Lesley\"},\"url\":\"https:\\\/\\\/www.cab-acr.ca\\\/fr\\\/author\\\/lesley\\\/\"}]}<\/script>\n<!-- \/ Yoast SEO plugin. -->","yoast_head_json":{"title":"L\u2019ACR salue la d\u00e9cision du gouvernement du Canada de suspendre la publicit\u00e9 sur les plateformes de Meta - Association canadienne des radiodiffuseurs","description":"L\u2019Association canadienne des radiodiffuseurs (ACR) salue la d\u00e9cision du gouvernement du Canada de suspendre la publicit\u00e9 sur Facebook et Instagram, compte tenu des mesures prises par leur soci\u00e9t\u00e9 m\u00e8re pour bloquer les nouvelles canadiennes sur ses plateformes.","robots":{"index":"index","follow":"follow","max-snippet":"max-snippet:-1","max-image-preview":"max-image-preview:large","max-video-preview":"max-video-preview:-1"},"canonical":"https:\/\/www.cab-acr.ca\/fr\/lacr-salue-la-decision-du-gouvernement-du-canada-de-suspendre-la-publicite-sur-les-plateformes-de-meta\/","og_locale":"fr_FR","og_type":"article","og_title":"L\u2019ACR salue la d\u00e9cision du gouvernement du Canada de suspendre la publicit\u00e9 sur les plateformes de Meta - Association canadienne des radiodiffuseurs","og_description":"L\u2019Association canadienne des radiodiffuseurs (ACR) salue la d\u00e9cision du gouvernement du Canada de suspendre la publicit\u00e9 sur Facebook et Instagram, compte tenu des mesures prises par leur soci\u00e9t\u00e9 m\u00e8re pour bloquer les nouvelles canadiennes sur ses plateformes.","og_url":"https:\/\/www.cab-acr.ca\/fr\/lacr-salue-la-decision-du-gouvernement-du-canada-de-suspendre-la-publicite-sur-les-plateformes-de-meta\/","og_site_name":"Association canadienne des radiodiffuseurs","article_published_time":"2023-07-05T19:22:25+00:00","article_modified_time":"2023-07-05T19:36:32+00:00","og_image":[{"width":2560,"height":1707,"url":"https:\/\/www.cab-acr.ca\/wp-content\/uploads\/2023\/07\/pexels-kaboompics-com-6336-scaled.jpg","type":"image\/jpeg"}],"author":"Lesley","twitter_card":"summary_large_image","twitter_image":"https:\/\/www.cab-acr.ca\/wp-content\/uploads\/2023\/07\/pexels-kaboompics-com-6336-scaled.jpg","twitter_misc":{"\u00c9crit par":"Lesley","Dur\u00e9e de lecture estim\u00e9e":"1 minute"},"schema":{"@context":"https:\/\/schema.org","@graph":[{"@type":"Article","@id":"https:\/\/www.cab-acr.ca\/fr\/lacr-salue-la-decision-du-gouvernement-du-canada-de-suspendre-la-publicite-sur-les-plateformes-de-meta\/#article","isPartOf":{"@id":"https:\/\/www.cab-acr.ca\/fr\/lacr-salue-la-decision-du-gouvernement-du-canada-de-suspendre-la-publicite-sur-les-plateformes-de-meta\/"},"author":{"name":"Lesley","@id":"https:\/\/www.cab-acr.ca\/fr\/#\/schema\/person\/fb4235c3bd348974bb0b3c427c12fbd7"},"headline":"L\u2019ACR salue la d\u00e9cision du gouvernement du Canada de suspendre la publicit\u00e9 sur les plateformes de Meta","datePublished":"2023-07-05T19:22:25+00:00","dateModified":"2023-07-05T19:36:32+00:00","mainEntityOfPage":{"@id":"https:\/\/www.cab-acr.ca\/fr\/lacr-salue-la-decision-du-gouvernement-du-canada-de-suspendre-la-publicite-sur-les-plateformes-de-meta\/"},"wordCount":196,"image":{"@id":"https:\/\/www.cab-acr.ca\/fr\/lacr-salue-la-decision-du-gouvernement-du-canada-de-suspendre-la-publicite-sur-les-plateformes-de-meta\/#primaryimage"},"thumbnailUrl":"https:\/\/www.cab-acr.ca\/wp-content\/uploads\/2023\/07\/pexels-kaboompics-com-6336-scaled.jpg","keywords":["Gouvernement du Canada","Loi sur les nouvelles en ligne","Projet de loi C-18","Publicit\u00e9"],"articleSection":["Nouvelles du secteur"],"inLanguage":"fr-FR"},{"@type":"WebPage","@id":"https:\/\/www.cab-acr.ca\/fr\/lacr-salue-la-decision-du-gouvernement-du-canada-de-suspendre-la-publicite-sur-les-plateformes-de-meta\/","url":"https:\/\/www.cab-acr.ca\/fr\/lacr-salue-la-decision-du-gouvernement-du-canada-de-suspendre-la-publicite-sur-les-plateformes-de-meta\/","name":"L\u2019ACR salue la d\u00e9cision du gouvernement du Canada de suspendre la publicit\u00e9 sur les plateformes de Meta - Association canadienne des radiodiffuseurs","isPartOf":{"@id":"https:\/\/www.cab-acr.ca\/fr\/#website"},"primaryImageOfPage":{"@id":"https:\/\/www.cab-acr.ca\/fr\/lacr-salue-la-decision-du-gouvernement-du-canada-de-suspendre-la-publicite-sur-les-plateformes-de-meta\/#primaryimage"},"image":{"@id":"https:\/\/www.cab-acr.ca\/fr\/lacr-salue-la-decision-du-gouvernement-du-canada-de-suspendre-la-publicite-sur-les-plateformes-de-meta\/#primaryimage"},"thumbnailUrl":"https:\/\/www.cab-acr.ca\/wp-content\/uploads\/2023\/07\/pexels-kaboompics-com-6336-scaled.jpg","datePublished":"2023-07-05T19:22:25+00:00","dateModified":"2023-07-05T19:36:32+00:00","author":{"@id":"https:\/\/www.cab-acr.ca\/fr\/#\/schema\/person\/fb4235c3bd348974bb0b3c427c12fbd7"},"description":"L\u2019Association canadienne des radiodiffuseurs (ACR) salue la d\u00e9cision du gouvernement du Canada de suspendre la publicit\u00e9 sur Facebook et Instagram, compte tenu des mesures prises par leur soci\u00e9t\u00e9 m\u00e8re pour bloquer les nouvelles canadiennes sur ses plateformes.","breadcrumb":{"@id":"https:\/\/www.cab-acr.ca\/fr\/lacr-salue-la-decision-du-gouvernement-du-canada-de-suspendre-la-publicite-sur-les-plateformes-de-meta\/#breadcrumb"},"inLanguage":"fr-FR","potentialAction":[{"@type":"ReadAction","target":["https:\/\/www.cab-acr.ca\/fr\/lacr-salue-la-decision-du-gouvernement-du-canada-de-suspendre-la-publicite-sur-les-plateformes-de-meta\/"]}]},{"@type":"ImageObject","inLanguage":"fr-FR","@id":"https:\/\/www.cab-acr.ca\/fr\/lacr-salue-la-decision-du-gouvernement-du-canada-de-suspendre-la-publicite-sur-les-plateformes-de-meta\/#primaryimage","url":"https:\/\/www.cab-acr.ca\/wp-content\/uploads\/2023\/07\/pexels-kaboompics-com-6336-scaled.jpg","contentUrl":"https:\/\/www.cab-acr.ca\/wp-content\/uploads\/2023\/07\/pexels-kaboompics-com-6336-scaled.jpg","width":2560,"height":1707},{"@type":"BreadcrumbList","@id":"https:\/\/www.cab-acr.ca\/fr\/lacr-salue-la-decision-du-gouvernement-du-canada-de-suspendre-la-publicite-sur-les-plateformes-de-meta\/#breadcrumb","itemListElement":[{"@type":"ListItem","position":1,"name":"Home","item":"https:\/\/www.cab-acr.ca\/fr\/"},{"@type":"ListItem","position":2,"name":"L\u2019ACR salue la d\u00e9cision du gouvernement du Canada de suspendre la publicit\u00e9 sur les plateformes de Meta"}]},{"@type":"WebSite","@id":"https:\/\/www.cab-acr.ca\/fr\/#website","url":"https:\/\/www.cab-acr.ca\/fr\/","name":"Association canadienne des radiodiffuseurs","description":"ACR","potentialAction":[{"@type":"SearchAction","target":{"@type":"EntryPoint","urlTemplate":"https:\/\/www.cab-acr.ca\/fr\/?s={search_term_string}"},"query-input":{"@type":"PropertyValueSpecification","valueRequired":true,"valueName":"search_term_string"}}],"inLanguage":"fr-FR"},{"@type":"Person","@id":"https:\/\/www.cab-acr.ca\/fr\/#\/schema\/person\/fb4235c3bd348974bb0b3c427c12fbd7","name":"Lesley","image":{"@type":"ImageObject","inLanguage":"fr-FR","@id":"https:\/\/secure.gravatar.com\/avatar\/b7e6e40b1e26090f962df3243a4720b85aa9a190902e9cd87a6fd1d22db31c69?s=96&d=mm&r=g","url":"https:\/\/secure.gravatar.com\/avatar\/b7e6e40b1e26090f962df3243a4720b85aa9a190902e9cd87a6fd1d22db31c69?s=96&d=mm&r=g","contentUrl":"https:\/\/secure.gravatar.com\/avatar\/b7e6e40b1e26090f962df3243a4720b85aa9a190902e9cd87a6fd1d22db31c69?s=96&d=mm&r=g","caption":"Lesley"},"url":"https:\/\/www.cab-acr.ca\/fr\/author\/lesley\/"}]}},"_links":{"self":[{"href":"https:\/\/www.cab-acr.ca\/fr\/wp-json\/wp\/v2\/posts\/2621","targetHints":{"allow":["GET"]}}],"collection":[{"href":"https:\/\/www.cab-acr.ca\/fr\/wp-json\/wp\/v2\/posts"}],"about":[{"href":"https:\/\/www.cab-acr.ca\/fr\/wp-json\/wp\/v2\/types\/post"}],"author":[{"embeddable":true,"href":"https:\/\/www.cab-acr.ca\/fr\/wp-json\/wp\/v2\/users\/6"}],"replies":[{"embeddable":true,"href":"https:\/\/www.cab-acr.ca\/fr\/wp-json\/wp\/v2\/comments?post=2621"}],"version-history":[{"count":0,"href":"https:\/\/www.cab-acr.ca\/fr\/wp-json\/wp\/v2\/posts\/2621\/revisions"}],"wp:featuredmedia":[{"embeddable":true,"href":"https:\/\/www.cab-acr.ca\/fr\/wp-json\/wp\/v2\/media\/2620"}],"wp:attachment":[{"href":"https:\/\/www.cab-acr.ca\/fr\/wp-json\/wp\/v2\/media?parent=2621"}],"wp:term":[{"taxonomy":"category","embeddable":true,"href":"https:\/\/www.cab-acr.ca\/fr\/wp-json\/wp\/v2\/categories?post=2621"},{"taxonomy":"post_tag","embeddable":true,"href":"https:\/\/www.cab-acr.ca\/fr\/wp-json\/wp\/v2\/tags?post=2621"}],"curies":[{"name":"wp","href":"https:\/\/api.w.org\/{rel}","templated":true}]}}