{"id":2568,"date":"2023-04-28T03:34:17","date_gmt":"2023-04-28T03:34:17","guid":{"rendered":"https:\/\/www.cab-acr.ca\/?p=2568"},"modified":"2023-04-28T16:05:14","modified_gmt":"2023-04-28T16:05:14","slug":"lacr-se-rejouit-de-ladoption-du-projet-de-loi-c-11-et-tourne-son-regard-vers-lorientation-strategique-qui-suivra","status":"publish","type":"post","link":"https:\/\/www.cab-acr.ca\/fr\/lacr-se-rejouit-de-ladoption-du-projet-de-loi-c-11-et-tourne-son-regard-vers-lorientation-strategique-qui-suivra\/","title":{"rendered":"L\u2019ACR se r\u00e9jouit de l\u2019adoption du projet de loi C-11 et tourne son regard vers  l\u2019orientation strat\u00e9gique qui suivra"},"content":{"rendered":"<p>L\u2019Association canadienne des radiodiffuseurs (ACR) se r\u00e9jouit de l\u2019adoption, si longuement attendue, du projet de loi C-11, la <em>Loi sur la diffusion continue en ligne<\/em>, et elle attend avec plaisir l\u2019occasion de collaborer avec le gouvernement pour mettre en place un cadre de r\u00e9glementation durable et \u00e9quitable pour la radiodiffusion au Canada.<\/p>\n<p>Apr\u00e8s de nombreux d\u00e9bats prolong\u00e9s \u00e0 la Chambre des communes et au S\u00e9nat, nous appr\u00e9cions les efforts des d\u00e9put\u00e9s et s\u00e9nateurs int\u00e9ress\u00e9s pour arriver \u00e0 cette fin, \u00e9tant donn\u00e9 que la mise \u00e0 jour de la <em>Loi sur la radiodiffusion<\/em> se fait attendre depuis des d\u00e9cennies.<\/p>\n<p>\u00ab L\u2019adoption du projet de loi C-11 marque un jalon important du cheminement vers la modernisation indispensable des r\u00e8gles pour le secteur de la radiodiffusion au Canada \u00bb, dit le pr\u00e9sident de l\u2019ACR, Kevin Desjardins. \u00ab Cependant, le travail n\u2019est pas termin\u00e9. Il est urgent d\u2019installer un nouveau cadre de r\u00e9glementation qui refl\u00e8te les r\u00e9alit\u00e9s du paysage m\u00e9diatique d\u2019aujourd\u2019hui et qui cr\u00e9e un march\u00e9 juste et \u00e9quitable pour les radiodiffuseurs du Canada par rapport aux concurrents \u00e9trangers de beaucoup plus grande taille du domaine num\u00e9rique qui ne sont pas r\u00e9glement\u00e9s \u00e0 l\u2019heure actuelle \u00bb, a-t-il ajout\u00e9.<\/p>\n<p>Les in\u00e9galit\u00e9s actuelles du syst\u00e8me ont impos\u00e9 des obligations plus rigoureuses aux radiodiffuseurs canadiens qu\u2019aux plateformes num\u00e9riques \u00e9trang\u00e8res. L\u2019ACR et ses membres ont bon espoir que l\u2019adoption du projet de loi C-11 permette de r\u00e9tablir l\u2019\u00e9quilibre \u00e0 cet \u00e9gard.<\/p>\n<p>Nous avons h\u00e2te d\u2019entamer l\u2019\u00e9tape des instances qui s\u2019annoncent afin d\u2019inaugurer un nouveau r\u00e9gime de r\u00e9glementation qui tienne compte du r\u00f4le essentiel que jouent les radiodiffuseurs, tant comme partenaires dans le domaine de la pr\u00e9sentation de contenu \u00e0 caract\u00e8re canadien que cr\u00e9ateurs d\u2019\u00e9missions \u00e9ducatives et aussi de nouvelles et de divertissement de haute qualit\u00e9.<\/p>\n","protected":false},"excerpt":{"rendered":"<p>L\u2019Association canadienne des radiodiffuseurs (ACR) se r\u00e9jouit de l\u2019adoption, si longuement attendue, du projet de loi C-11, la Loi sur la diffusion continue en ligne, et elle attend avec plaisir l\u2019occasion de collaborer avec le gouvernement pour mettre en place un cadre de r\u00e9glementation durable et \u00e9quitable pour la radiodiffusion au Canada. Apr\u00e8s de nombreux [&hellip;]<\/p>\n","protected":false},"author":6,"featured_media":2567,"comment_status":"closed","ping_status":"open","sticky":false,"template":"","format":"standard","meta":{"_acf_changed":false,"_genesis_hide_title":false,"_genesis_hide_breadcrumbs":false,"_genesis_hide_singular_image":false,"_genesis_hide_footer_widgets":false,"_genesis_custom_body_class":"","_genesis_custom_post_class":"","_genesis_layout":"","footnotes":""},"categories":[82],"tags":[685,235,234,180],"class_list":{"0":"post-2568","1":"post","2":"type-post","3":"status-publish","4":"format-standard","5":"has-post-thumbnail","7":"category-nouvelles-du-secteur","8":"tag-broadcasting-act-fr","9":"tag-loi-sur-la-radiodiffusion","10":"tag-projet-de-loi-c-11","11":"tag-radiodiffusion-canadienne","12":"entry"},"acf":[],"yoast_head":"<!-- This site is optimized with the Yoast SEO plugin v27.5 - https:\/\/yoast.com\/product\/yoast-seo-wordpress\/ -->\n<title>L\u2019ACR se r\u00e9jouit de l\u2019adoption du projet de loi C-11 et tourne son regard vers l\u2019orientation strat\u00e9gique qui suivra - Association canadienne des radiodiffuseurs<\/title>\n<meta name=\"robots\" content=\"index, follow, max-snippet:-1, max-image-preview:large, max-video-preview:-1\" \/>\n<link rel=\"canonical\" href=\"https:\/\/www.cab-acr.ca\/fr\/lacr-se-rejouit-de-ladoption-du-projet-de-loi-c-11-et-tourne-son-regard-vers-lorientation-strategique-qui-suivra\/\" \/>\n<meta property=\"og:locale\" content=\"fr_FR\" \/>\n<meta property=\"og:type\" content=\"article\" \/>\n<meta property=\"og:title\" content=\"L\u2019ACR se r\u00e9jouit de l\u2019adoption du projet de loi C-11 et tourne son regard vers l\u2019orientation strat\u00e9gique qui suivra - Association canadienne des radiodiffuseurs\" \/>\n<meta property=\"og:description\" content=\"L\u2019Association canadienne des radiodiffuseurs (ACR) se r\u00e9jouit de l\u2019adoption, si longuement attendue, du projet de loi C-11, la Loi sur la diffusion continue en ligne, et elle attend avec plaisir l\u2019occasion de collaborer avec le gouvernement pour mettre en place un cadre de r\u00e9glementation durable et \u00e9quitable pour la radiodiffusion au Canada. Apr\u00e8s de nombreux [&hellip;]\" \/>\n<meta property=\"og:url\" content=\"https:\/\/www.cab-acr.ca\/fr\/lacr-se-rejouit-de-ladoption-du-projet-de-loi-c-11-et-tourne-son-regard-vers-lorientation-strategique-qui-suivra\/\" \/>\n<meta property=\"og:site_name\" content=\"Association canadienne des radiodiffuseurs\" \/>\n<meta property=\"article:published_time\" content=\"2023-04-28T03:34:17+00:00\" \/>\n<meta property=\"article:modified_time\" content=\"2023-04-28T16:05:14+00:00\" \/>\n<meta property=\"og:image\" content=\"https:\/\/www.cab-acr.ca\/wp-content\/uploads\/2023\/04\/pexels-jeshootscom-1040160-scaled.jpg\" \/>\n\t<meta property=\"og:image:width\" content=\"2560\" \/>\n\t<meta property=\"og:image:height\" content=\"1707\" \/>\n\t<meta property=\"og:image:type\" content=\"image\/jpeg\" \/>\n<meta name=\"author\" content=\"Lesley\" \/>\n<meta name=\"twitter:card\" content=\"summary_large_image\" \/>\n<meta name=\"twitter:image\" content=\"https:\/\/www.cab-acr.ca\/wp-content\/uploads\/2023\/04\/pexels-jeshootscom-1040160-scaled.jpg\" \/>\n<meta name=\"twitter:label1\" content=\"\u00c9crit par\" \/>\n\t<meta name=\"twitter:data1\" content=\"Lesley\" \/>\n\t<meta name=\"twitter:label2\" content=\"Dur\u00e9e de lecture estim\u00e9e\" \/>\n\t<meta name=\"twitter:data2\" content=\"2 minutes\" \/>\n<script type=\"application\/ld+json\" class=\"yoast-schema-graph\">{\"@context\":\"https:\\\/\\\/schema.org\",\"@graph\":[{\"@type\":\"Article\",\"@id\":\"https:\\\/\\\/www.cab-acr.ca\\\/fr\\\/lacr-se-rejouit-de-ladoption-du-projet-de-loi-c-11-et-tourne-son-regard-vers-lorientation-strategique-qui-suivra\\\/#article\",\"isPartOf\":{\"@id\":\"https:\\\/\\\/www.cab-acr.ca\\\/fr\\\/lacr-se-rejouit-de-ladoption-du-projet-de-loi-c-11-et-tourne-son-regard-vers-lorientation-strategique-qui-suivra\\\/\"},\"author\":{\"name\":\"Lesley\",\"@id\":\"https:\\\/\\\/www.cab-acr.ca\\\/fr\\\/#\\\/schema\\\/person\\\/fb4235c3bd348974bb0b3c427c12fbd7\"},\"headline\":\"L\u2019ACR se r\u00e9jouit de l\u2019adoption du projet de loi C-11 et tourne son regard vers l\u2019orientation strat\u00e9gique qui suivra\",\"datePublished\":\"2023-04-28T03:34:17+00:00\",\"dateModified\":\"2023-04-28T16:05:14+00:00\",\"mainEntityOfPage\":{\"@id\":\"https:\\\/\\\/www.cab-acr.ca\\\/fr\\\/lacr-se-rejouit-de-ladoption-du-projet-de-loi-c-11-et-tourne-son-regard-vers-lorientation-strategique-qui-suivra\\\/\"},\"wordCount\":357,\"image\":{\"@id\":\"https:\\\/\\\/www.cab-acr.ca\\\/fr\\\/lacr-se-rejouit-de-ladoption-du-projet-de-loi-c-11-et-tourne-son-regard-vers-lorientation-strategique-qui-suivra\\\/#primaryimage\"},\"thumbnailUrl\":\"https:\\\/\\\/www.cab-acr.ca\\\/wp-content\\\/uploads\\\/2023\\\/04\\\/pexels-jeshootscom-1040160-scaled.jpg\",\"keywords\":[\"Broadcasting Act\",\"Loi sur la radiodiffusion\",\"Projet de loi C-11\",\"Radiodiffusion canadienne\"],\"articleSection\":[\"Nouvelles du secteur\"],\"inLanguage\":\"fr-FR\"},{\"@type\":\"WebPage\",\"@id\":\"https:\\\/\\\/www.cab-acr.ca\\\/fr\\\/lacr-se-rejouit-de-ladoption-du-projet-de-loi-c-11-et-tourne-son-regard-vers-lorientation-strategique-qui-suivra\\\/\",\"url\":\"https:\\\/\\\/www.cab-acr.ca\\\/fr\\\/lacr-se-rejouit-de-ladoption-du-projet-de-loi-c-11-et-tourne-son-regard-vers-lorientation-strategique-qui-suivra\\\/\",\"name\":\"L\u2019ACR se r\u00e9jouit de l\u2019adoption du projet de loi C-11 et tourne son regard vers l\u2019orientation strat\u00e9gique qui suivra - Association canadienne des radiodiffuseurs\",\"isPartOf\":{\"@id\":\"https:\\\/\\\/www.cab-acr.ca\\\/fr\\\/#website\"},\"primaryImageOfPage\":{\"@id\":\"https:\\\/\\\/www.cab-acr.ca\\\/fr\\\/lacr-se-rejouit-de-ladoption-du-projet-de-loi-c-11-et-tourne-son-regard-vers-lorientation-strategique-qui-suivra\\\/#primaryimage\"},\"image\":{\"@id\":\"https:\\\/\\\/www.cab-acr.ca\\\/fr\\\/lacr-se-rejouit-de-ladoption-du-projet-de-loi-c-11-et-tourne-son-regard-vers-lorientation-strategique-qui-suivra\\\/#primaryimage\"},\"thumbnailUrl\":\"https:\\\/\\\/www.cab-acr.ca\\\/wp-content\\\/uploads\\\/2023\\\/04\\\/pexels-jeshootscom-1040160-scaled.jpg\",\"datePublished\":\"2023-04-28T03:34:17+00:00\",\"dateModified\":\"2023-04-28T16:05:14+00:00\",\"author\":{\"@id\":\"https:\\\/\\\/www.cab-acr.ca\\\/fr\\\/#\\\/schema\\\/person\\\/fb4235c3bd348974bb0b3c427c12fbd7\"},\"breadcrumb\":{\"@id\":\"https:\\\/\\\/www.cab-acr.ca\\\/fr\\\/lacr-se-rejouit-de-ladoption-du-projet-de-loi-c-11-et-tourne-son-regard-vers-lorientation-strategique-qui-suivra\\\/#breadcrumb\"},\"inLanguage\":\"fr-FR\",\"potentialAction\":[{\"@type\":\"ReadAction\",\"target\":[\"https:\\\/\\\/www.cab-acr.ca\\\/fr\\\/lacr-se-rejouit-de-ladoption-du-projet-de-loi-c-11-et-tourne-son-regard-vers-lorientation-strategique-qui-suivra\\\/\"]}]},{\"@type\":\"ImageObject\",\"inLanguage\":\"fr-FR\",\"@id\":\"https:\\\/\\\/www.cab-acr.ca\\\/fr\\\/lacr-se-rejouit-de-ladoption-du-projet-de-loi-c-11-et-tourne-son-regard-vers-lorientation-strategique-qui-suivra\\\/#primaryimage\",\"url\":\"https:\\\/\\\/www.cab-acr.ca\\\/wp-content\\\/uploads\\\/2023\\\/04\\\/pexels-jeshootscom-1040160-scaled.jpg\",\"contentUrl\":\"https:\\\/\\\/www.cab-acr.ca\\\/wp-content\\\/uploads\\\/2023\\\/04\\\/pexels-jeshootscom-1040160-scaled.jpg\",\"width\":2560,\"height\":1707},{\"@type\":\"BreadcrumbList\",\"@id\":\"https:\\\/\\\/www.cab-acr.ca\\\/fr\\\/lacr-se-rejouit-de-ladoption-du-projet-de-loi-c-11-et-tourne-son-regard-vers-lorientation-strategique-qui-suivra\\\/#breadcrumb\",\"itemListElement\":[{\"@type\":\"ListItem\",\"position\":1,\"name\":\"Home\",\"item\":\"https:\\\/\\\/www.cab-acr.ca\\\/fr\\\/\"},{\"@type\":\"ListItem\",\"position\":2,\"name\":\"L\u2019ACR se r\u00e9jouit de l\u2019adoption du projet de loi C-11 et tourne son regard vers l\u2019orientation strat\u00e9gique qui suivra\"}]},{\"@type\":\"WebSite\",\"@id\":\"https:\\\/\\\/www.cab-acr.ca\\\/fr\\\/#website\",\"url\":\"https:\\\/\\\/www.cab-acr.ca\\\/fr\\\/\",\"name\":\"Association canadienne des radiodiffuseurs\",\"description\":\"ACR\",\"potentialAction\":[{\"@type\":\"SearchAction\",\"target\":{\"@type\":\"EntryPoint\",\"urlTemplate\":\"https:\\\/\\\/www.cab-acr.ca\\\/fr\\\/?s={search_term_string}\"},\"query-input\":{\"@type\":\"PropertyValueSpecification\",\"valueRequired\":true,\"valueName\":\"search_term_string\"}}],\"inLanguage\":\"fr-FR\"},{\"@type\":\"Person\",\"@id\":\"https:\\\/\\\/www.cab-acr.ca\\\/fr\\\/#\\\/schema\\\/person\\\/fb4235c3bd348974bb0b3c427c12fbd7\",\"name\":\"Lesley\",\"image\":{\"@type\":\"ImageObject\",\"inLanguage\":\"fr-FR\",\"@id\":\"https:\\\/\\\/secure.gravatar.com\\\/avatar\\\/b7e6e40b1e26090f962df3243a4720b85aa9a190902e9cd87a6fd1d22db31c69?s=96&d=mm&r=g\",\"url\":\"https:\\\/\\\/secure.gravatar.com\\\/avatar\\\/b7e6e40b1e26090f962df3243a4720b85aa9a190902e9cd87a6fd1d22db31c69?s=96&d=mm&r=g\",\"contentUrl\":\"https:\\\/\\\/secure.gravatar.com\\\/avatar\\\/b7e6e40b1e26090f962df3243a4720b85aa9a190902e9cd87a6fd1d22db31c69?s=96&d=mm&r=g\",\"caption\":\"Lesley\"},\"url\":\"https:\\\/\\\/www.cab-acr.ca\\\/fr\\\/author\\\/lesley\\\/\"}]}<\/script>\n<!-- \/ Yoast SEO plugin. -->","yoast_head_json":{"title":"L\u2019ACR se r\u00e9jouit de l\u2019adoption du projet de loi C-11 et tourne son regard vers l\u2019orientation strat\u00e9gique qui suivra - Association canadienne des radiodiffuseurs","robots":{"index":"index","follow":"follow","max-snippet":"max-snippet:-1","max-image-preview":"max-image-preview:large","max-video-preview":"max-video-preview:-1"},"canonical":"https:\/\/www.cab-acr.ca\/fr\/lacr-se-rejouit-de-ladoption-du-projet-de-loi-c-11-et-tourne-son-regard-vers-lorientation-strategique-qui-suivra\/","og_locale":"fr_FR","og_type":"article","og_title":"L\u2019ACR se r\u00e9jouit de l\u2019adoption du projet de loi C-11 et tourne son regard vers l\u2019orientation strat\u00e9gique qui suivra - Association canadienne des radiodiffuseurs","og_description":"L\u2019Association canadienne des radiodiffuseurs (ACR) se r\u00e9jouit de l\u2019adoption, si longuement attendue, du projet de loi C-11, la Loi sur la diffusion continue en ligne, et elle attend avec plaisir l\u2019occasion de collaborer avec le gouvernement pour mettre en place un cadre de r\u00e9glementation durable et \u00e9quitable pour la radiodiffusion au Canada. Apr\u00e8s de nombreux [&hellip;]","og_url":"https:\/\/www.cab-acr.ca\/fr\/lacr-se-rejouit-de-ladoption-du-projet-de-loi-c-11-et-tourne-son-regard-vers-lorientation-strategique-qui-suivra\/","og_site_name":"Association canadienne des radiodiffuseurs","article_published_time":"2023-04-28T03:34:17+00:00","article_modified_time":"2023-04-28T16:05:14+00:00","og_image":[{"width":2560,"height":1707,"url":"https:\/\/www.cab-acr.ca\/wp-content\/uploads\/2023\/04\/pexels-jeshootscom-1040160-scaled.jpg","type":"image\/jpeg"}],"author":"Lesley","twitter_card":"summary_large_image","twitter_image":"https:\/\/www.cab-acr.ca\/wp-content\/uploads\/2023\/04\/pexels-jeshootscom-1040160-scaled.jpg","twitter_misc":{"\u00c9crit par":"Lesley","Dur\u00e9e de lecture estim\u00e9e":"2 minutes"},"schema":{"@context":"https:\/\/schema.org","@graph":[{"@type":"Article","@id":"https:\/\/www.cab-acr.ca\/fr\/lacr-se-rejouit-de-ladoption-du-projet-de-loi-c-11-et-tourne-son-regard-vers-lorientation-strategique-qui-suivra\/#article","isPartOf":{"@id":"https:\/\/www.cab-acr.ca\/fr\/lacr-se-rejouit-de-ladoption-du-projet-de-loi-c-11-et-tourne-son-regard-vers-lorientation-strategique-qui-suivra\/"},"author":{"name":"Lesley","@id":"https:\/\/www.cab-acr.ca\/fr\/#\/schema\/person\/fb4235c3bd348974bb0b3c427c12fbd7"},"headline":"L\u2019ACR se r\u00e9jouit de l\u2019adoption du projet de loi C-11 et tourne son regard vers l\u2019orientation strat\u00e9gique qui suivra","datePublished":"2023-04-28T03:34:17+00:00","dateModified":"2023-04-28T16:05:14+00:00","mainEntityOfPage":{"@id":"https:\/\/www.cab-acr.ca\/fr\/lacr-se-rejouit-de-ladoption-du-projet-de-loi-c-11-et-tourne-son-regard-vers-lorientation-strategique-qui-suivra\/"},"wordCount":357,"image":{"@id":"https:\/\/www.cab-acr.ca\/fr\/lacr-se-rejouit-de-ladoption-du-projet-de-loi-c-11-et-tourne-son-regard-vers-lorientation-strategique-qui-suivra\/#primaryimage"},"thumbnailUrl":"https:\/\/www.cab-acr.ca\/wp-content\/uploads\/2023\/04\/pexels-jeshootscom-1040160-scaled.jpg","keywords":["Broadcasting Act","Loi sur la radiodiffusion","Projet de loi C-11","Radiodiffusion canadienne"],"articleSection":["Nouvelles du secteur"],"inLanguage":"fr-FR"},{"@type":"WebPage","@id":"https:\/\/www.cab-acr.ca\/fr\/lacr-se-rejouit-de-ladoption-du-projet-de-loi-c-11-et-tourne-son-regard-vers-lorientation-strategique-qui-suivra\/","url":"https:\/\/www.cab-acr.ca\/fr\/lacr-se-rejouit-de-ladoption-du-projet-de-loi-c-11-et-tourne-son-regard-vers-lorientation-strategique-qui-suivra\/","name":"L\u2019ACR se r\u00e9jouit de l\u2019adoption du projet de loi C-11 et tourne son regard vers l\u2019orientation strat\u00e9gique qui suivra - Association canadienne des radiodiffuseurs","isPartOf":{"@id":"https:\/\/www.cab-acr.ca\/fr\/#website"},"primaryImageOfPage":{"@id":"https:\/\/www.cab-acr.ca\/fr\/lacr-se-rejouit-de-ladoption-du-projet-de-loi-c-11-et-tourne-son-regard-vers-lorientation-strategique-qui-suivra\/#primaryimage"},"image":{"@id":"https:\/\/www.cab-acr.ca\/fr\/lacr-se-rejouit-de-ladoption-du-projet-de-loi-c-11-et-tourne-son-regard-vers-lorientation-strategique-qui-suivra\/#primaryimage"},"thumbnailUrl":"https:\/\/www.cab-acr.ca\/wp-content\/uploads\/2023\/04\/pexels-jeshootscom-1040160-scaled.jpg","datePublished":"2023-04-28T03:34:17+00:00","dateModified":"2023-04-28T16:05:14+00:00","author":{"@id":"https:\/\/www.cab-acr.ca\/fr\/#\/schema\/person\/fb4235c3bd348974bb0b3c427c12fbd7"},"breadcrumb":{"@id":"https:\/\/www.cab-acr.ca\/fr\/lacr-se-rejouit-de-ladoption-du-projet-de-loi-c-11-et-tourne-son-regard-vers-lorientation-strategique-qui-suivra\/#breadcrumb"},"inLanguage":"fr-FR","potentialAction":[{"@type":"ReadAction","target":["https:\/\/www.cab-acr.ca\/fr\/lacr-se-rejouit-de-ladoption-du-projet-de-loi-c-11-et-tourne-son-regard-vers-lorientation-strategique-qui-suivra\/"]}]},{"@type":"ImageObject","inLanguage":"fr-FR","@id":"https:\/\/www.cab-acr.ca\/fr\/lacr-se-rejouit-de-ladoption-du-projet-de-loi-c-11-et-tourne-son-regard-vers-lorientation-strategique-qui-suivra\/#primaryimage","url":"https:\/\/www.cab-acr.ca\/wp-content\/uploads\/2023\/04\/pexels-jeshootscom-1040160-scaled.jpg","contentUrl":"https:\/\/www.cab-acr.ca\/wp-content\/uploads\/2023\/04\/pexels-jeshootscom-1040160-scaled.jpg","width":2560,"height":1707},{"@type":"BreadcrumbList","@id":"https:\/\/www.cab-acr.ca\/fr\/lacr-se-rejouit-de-ladoption-du-projet-de-loi-c-11-et-tourne-son-regard-vers-lorientation-strategique-qui-suivra\/#breadcrumb","itemListElement":[{"@type":"ListItem","position":1,"name":"Home","item":"https:\/\/www.cab-acr.ca\/fr\/"},{"@type":"ListItem","position":2,"name":"L\u2019ACR se r\u00e9jouit de l\u2019adoption du projet de loi C-11 et tourne son regard vers l\u2019orientation strat\u00e9gique qui suivra"}]},{"@type":"WebSite","@id":"https:\/\/www.cab-acr.ca\/fr\/#website","url":"https:\/\/www.cab-acr.ca\/fr\/","name":"Association canadienne des radiodiffuseurs","description":"ACR","potentialAction":[{"@type":"SearchAction","target":{"@type":"EntryPoint","urlTemplate":"https:\/\/www.cab-acr.ca\/fr\/?s={search_term_string}"},"query-input":{"@type":"PropertyValueSpecification","valueRequired":true,"valueName":"search_term_string"}}],"inLanguage":"fr-FR"},{"@type":"Person","@id":"https:\/\/www.cab-acr.ca\/fr\/#\/schema\/person\/fb4235c3bd348974bb0b3c427c12fbd7","name":"Lesley","image":{"@type":"ImageObject","inLanguage":"fr-FR","@id":"https:\/\/secure.gravatar.com\/avatar\/b7e6e40b1e26090f962df3243a4720b85aa9a190902e9cd87a6fd1d22db31c69?s=96&d=mm&r=g","url":"https:\/\/secure.gravatar.com\/avatar\/b7e6e40b1e26090f962df3243a4720b85aa9a190902e9cd87a6fd1d22db31c69?s=96&d=mm&r=g","contentUrl":"https:\/\/secure.gravatar.com\/avatar\/b7e6e40b1e26090f962df3243a4720b85aa9a190902e9cd87a6fd1d22db31c69?s=96&d=mm&r=g","caption":"Lesley"},"url":"https:\/\/www.cab-acr.ca\/fr\/author\/lesley\/"}]}},"_links":{"self":[{"href":"https:\/\/www.cab-acr.ca\/fr\/wp-json\/wp\/v2\/posts\/2568","targetHints":{"allow":["GET"]}}],"collection":[{"href":"https:\/\/www.cab-acr.ca\/fr\/wp-json\/wp\/v2\/posts"}],"about":[{"href":"https:\/\/www.cab-acr.ca\/fr\/wp-json\/wp\/v2\/types\/post"}],"author":[{"embeddable":true,"href":"https:\/\/www.cab-acr.ca\/fr\/wp-json\/wp\/v2\/users\/6"}],"replies":[{"embeddable":true,"href":"https:\/\/www.cab-acr.ca\/fr\/wp-json\/wp\/v2\/comments?post=2568"}],"version-history":[{"count":0,"href":"https:\/\/www.cab-acr.ca\/fr\/wp-json\/wp\/v2\/posts\/2568\/revisions"}],"wp:featuredmedia":[{"embeddable":true,"href":"https:\/\/www.cab-acr.ca\/fr\/wp-json\/wp\/v2\/media\/2567"}],"wp:attachment":[{"href":"https:\/\/www.cab-acr.ca\/fr\/wp-json\/wp\/v2\/media?parent=2568"}],"wp:term":[{"taxonomy":"category","embeddable":true,"href":"https:\/\/www.cab-acr.ca\/fr\/wp-json\/wp\/v2\/categories?post=2568"},{"taxonomy":"post_tag","embeddable":true,"href":"https:\/\/www.cab-acr.ca\/fr\/wp-json\/wp\/v2\/tags?post=2568"}],"curies":[{"name":"wp","href":"https:\/\/api.w.org\/{rel}","templated":true}]}}