{"id":2563,"date":"2023-04-17T15:45:59","date_gmt":"2023-04-17T15:45:59","guid":{"rendered":"https:\/\/www.cab-acr.ca\/?p=2563"},"modified":"2023-04-17T21:22:40","modified_gmt":"2023-04-17T21:22:40","slug":"les-radiodiffuseurs-prives-du-canada-brillent-dun-grand-eclat-aux-prix-ecrans-canadiens","status":"publish","type":"post","link":"https:\/\/www.cab-acr.ca\/fr\/les-radiodiffuseurs-prives-du-canada-brillent-dun-grand-eclat-aux-prix-ecrans-canadiens\/","title":{"rendered":"Les radiodiffuseurs priv\u00e9s du Canada brillent d\u2019un grand \u00e9clat aux Prix \u00c9crans canadiens"},"content":{"rendered":"<p>Ce fut une semaine pleine d\u2019\u00e9v\u00e9nements pour la t\u00e9l\u00e9vision et les films canadiens avec le d\u00e9voilement des r\u00e9cipiendaires des Prix \u00c9crans canadiens pendant la Semaine du Canada \u00e0 l\u2019\u00e9cran. C\u2019est avec fiert\u00e9 que l\u2019Association canadienne des radiodiffuseurs (ACR) a vu plusieurs de ses membres para\u00eetre tant sur la liste des laur\u00e9ats que celle des finalistes dans un vaste \u00e9ventail de cat\u00e9gories de productions allant des t\u00e9l\u00e9journaux aux \u00e9missions de divertissement et celles sur le style de vie.<\/p>\n<p>\u00ab Avec la remise de 60 prix et 240 finalistes, les radiodiffuseurs priv\u00e9s du Canada montrent qu\u2019ils sont une puissance formidable dans le domaine de la t\u00e9l\u00e9vision canadienne. Ils servent non seulement de plateformes pour du contenu exceptionnel et diversifi\u00e9, mais en sont souvent \u00e9galement les producteurs \u00bb, a d\u00e9clar\u00e9 le pr\u00e9sident de l\u2019ACR, Kevin Desjardins. \u00ab Ces distinctions bien m\u00e9rit\u00e9es sont le reflet de la valeur qu\u2019ils apportent \u00e0 notre paysage culturel en tant que conteurs et leaders du domaine des nouvelles \u00bb, a-t-il ajout\u00e9.<\/p>\n<p>Nous savons que nos radiodiffuseurs priv\u00e9s sont la source la plus importante d\u2019\u00e9missions de nouvelles et d\u2019information pour les Canadiens. Il n\u2019est donc pas surprenant qu\u2019ils aient remport\u00e9 plusieurs prix majeurs pour les nouvelles, y compris Meilleur journal t\u00e9l\u00e9vis\u00e9 national et Meilleur.e pr\u00e9sentateur.trice de nouvelles, national pour Global National News et l\u2019animatrice Dawna Friesen. De plus, W5 de CTV a gagn\u00e9 le prix pour le Meilleur segment d\u2019actualit\u00e9s ou d\u2019informations et le ou la Meilleur.e animateur.trice et interviewer, Avery Haines. APTN Investigates s\u2019est vu remettre le prix pour la Meilleure \u00e9mission d\u2019actualit\u00e9s et d\u2019informations pour <em>In Plain Sight <\/em>qui suit une enqu\u00eate sur l\u2019exploitation sexuelle des femmes, tout particuli\u00e8rement les femmes et filles autochtones \u00e0 Kenora en Ontario.<\/p>\n<p>Plusieurs s\u00e9ries de t\u00e9l\u00e9r\u00e9alit\u00e9 ou de concours et s\u00e9ries sur le style de vie que les Canadiens aiment et connaissent ont \u00e9galement \u00e9t\u00e9 reconnues. <em>Canada\u2019s Drag Race <\/em>de Crave, <em>Amazing Race <\/em>de CTV et <em>Mary Makes It Easy <\/em>du Life Channel de CTV ont remport\u00e9 plusieurs des prix dans leurs cat\u00e9gories. En plus, le drame sur la proc\u00e9dure polici\u00e8re, <em>Hudson &amp; Rex<\/em> de Citytv, s\u2019est m\u00e9rit\u00e9 le Prix du public et l\u2019animatrice de Cityline, Tracy Moore, a remport\u00e9 le prix sp\u00e9cial de l\u2019agent.e de changement.<\/p>\n<p>Des prix ont \u00e9galement \u00e9t\u00e9 accord\u00e9s \u00e0 la couverture sportive faite par les radiodiffuseurs priv\u00e9s du Canada. Sportsnet a gagn\u00e9 dans la cat\u00e9gorie Meilleure r\u00e9alisation, \u00e9v\u00e9nement sportif en direct pour sa couverture d\u2019une des parties de la finale de la Coupe Stanley l\u2019an dernier et Craig Simpson de <em>Hockey Night in Canada<\/em> a remport\u00e9 le Prix Meilleur.e analyste sportif.ive. TSN a re\u00e7u quatre prix\u00a0: Meilleure r\u00e9alisation, \u00e9v\u00e9nement sportif en direct, Meilleur segment de reportage sportif, Meilleure s\u00e9quence d\u2019ouverture sportive, Meilleur.e commentateur.trice sportif.ive pour Gord Miller.<\/p>\n<p>Les \u00e9missions \u00e9ducatives pour plusieurs \u00e2ges allant de l\u2019\u00e9tape pr\u00e9scolaire \u00e0 l\u2019\u00e9tape adulte \u00e9taient \u00e9galement \u00e0 l\u2019honneur. Le <em>Fabulous Show With Fay and Fluffy <\/em>de Family Jr. a remport\u00e9 le Prix des enfants du Fonds Shaw-Rocket. <em>BLK: An Origin Story<\/em> de History s\u2019est vu d\u00e9cerner plusieurs prix dans la cat\u00e9gorie des s\u00e9ries documentaires, notamment Meilleure r\u00e9alisation et Meilleur texte. Le Prix de la Meilleure \u00e9mission documentaire est all\u00e9 au r\u00e9seau W pour <em>Sex With Sue<\/em>.<\/p>\n<p>L\u2019ACR f\u00e9licite ses membres de ces nombreux succ\u00e8s marquants. Pour lire la liste int\u00e9grale des laur\u00e9ats et des finalistes, visiter <a href=\"https:\/\/academie.ca\/prixecranscanadiens\/701\/finalistes-et-laureat-e-s\">academie.ca<\/a>.<\/p>\n","protected":false},"excerpt":{"rendered":"<p>Ce fut une semaine pleine d\u2019\u00e9v\u00e9nements pour la t\u00e9l\u00e9vision et les films canadiens avec le d\u00e9voilement des r\u00e9cipiendaires des Prix \u00c9crans canadiens pendant la Semaine du Canada \u00e0 l\u2019\u00e9cran. C\u2019est avec fiert\u00e9 que l\u2019Association canadienne des radiodiffuseurs (ACR) a vu plusieurs de ses membres para\u00eetre tant sur la liste des laur\u00e9ats que celle des finalistes [&hellip;]<\/p>\n","protected":false},"author":6,"featured_media":2562,"comment_status":"closed","ping_status":"open","sticky":false,"template":"","format":"standard","meta":{"_acf_changed":false,"_genesis_hide_title":false,"_genesis_hide_breadcrumbs":false,"_genesis_hide_singular_image":false,"_genesis_hide_footer_widgets":false,"_genesis_custom_body_class":"","_genesis_custom_post_class":"","_genesis_layout":"","footnotes":""},"categories":[82],"tags":[467,468],"class_list":{"0":"post-2563","1":"post","2":"type-post","3":"status-publish","4":"format-standard","5":"has-post-thumbnail","7":"category-nouvelles-du-secteur","8":"tag-prix-ecrans-canadiens","9":"tag-television","10":"entry"},"acf":[],"yoast_head":"<!-- This site is optimized with the Yoast SEO plugin v27.5 - https:\/\/yoast.com\/product\/yoast-seo-wordpress\/ -->\n<title>Les radiodiffuseurs priv\u00e9s du Canada brillent d\u2019un grand \u00e9clat aux Prix \u00c9crans canadiens - Association canadienne des radiodiffuseurs<\/title>\n<meta name=\"description\" content=\"C\u2019est avec fiert\u00e9 que l\u2019Association canadienne des radiodiffuseurs (ACR) a vu plusieurs de ses membres para\u00eetre tant sur la liste des laur\u00e9ats des Prix \u00c9crans canadiens que celle des finalistes dans un vaste \u00e9ventail de cat\u00e9gories de productions allant des t\u00e9l\u00e9journaux aux \u00e9missions de divertissement et celles sur le style de vie.\" \/>\n<meta name=\"robots\" content=\"index, follow, max-snippet:-1, max-image-preview:large, max-video-preview:-1\" \/>\n<link rel=\"canonical\" href=\"https:\/\/www.cab-acr.ca\/fr\/les-radiodiffuseurs-prives-du-canada-brillent-dun-grand-eclat-aux-prix-ecrans-canadiens\/\" \/>\n<meta property=\"og:locale\" content=\"fr_FR\" \/>\n<meta property=\"og:type\" content=\"article\" \/>\n<meta property=\"og:title\" content=\"Les radiodiffuseurs priv\u00e9s du Canada brillent d\u2019un grand \u00e9clat aux Prix \u00c9crans canadiens - Association canadienne des radiodiffuseurs\" \/>\n<meta property=\"og:description\" content=\"C\u2019est avec fiert\u00e9 que l\u2019Association canadienne des radiodiffuseurs (ACR) a vu plusieurs de ses membres para\u00eetre tant sur la liste des laur\u00e9ats des Prix \u00c9crans canadiens que celle des finalistes dans un vaste \u00e9ventail de cat\u00e9gories de productions allant des t\u00e9l\u00e9journaux aux \u00e9missions de divertissement et celles sur le style de vie.\" \/>\n<meta property=\"og:url\" content=\"https:\/\/www.cab-acr.ca\/fr\/les-radiodiffuseurs-prives-du-canada-brillent-dun-grand-eclat-aux-prix-ecrans-canadiens\/\" \/>\n<meta property=\"og:site_name\" content=\"Association canadienne des radiodiffuseurs\" \/>\n<meta property=\"article:published_time\" content=\"2023-04-17T15:45:59+00:00\" \/>\n<meta property=\"article:modified_time\" content=\"2023-04-17T21:22:40+00:00\" \/>\n<meta property=\"og:image\" content=\"https:\/\/www.cab-acr.ca\/wp-content\/uploads\/2023\/04\/pexels-caleb-oquendo-5001553-scaled.jpg\" \/>\n\t<meta property=\"og:image:width\" content=\"2560\" \/>\n\t<meta property=\"og:image:height\" content=\"1439\" \/>\n\t<meta property=\"og:image:type\" content=\"image\/jpeg\" \/>\n<meta name=\"author\" content=\"Lesley\" \/>\n<meta name=\"twitter:card\" content=\"summary_large_image\" \/>\n<meta name=\"twitter:image\" content=\"https:\/\/www.cab-acr.ca\/wp-content\/uploads\/2023\/04\/pexels-caleb-oquendo-5001553-scaled.jpg\" \/>\n<meta name=\"twitter:label1\" content=\"\u00c9crit par\" \/>\n\t<meta name=\"twitter:data1\" content=\"Lesley\" \/>\n\t<meta name=\"twitter:label2\" content=\"Dur\u00e9e de lecture estim\u00e9e\" \/>\n\t<meta name=\"twitter:data2\" content=\"3 minutes\" \/>\n<script type=\"application\/ld+json\" class=\"yoast-schema-graph\">{\"@context\":\"https:\\\/\\\/schema.org\",\"@graph\":[{\"@type\":\"Article\",\"@id\":\"https:\\\/\\\/www.cab-acr.ca\\\/fr\\\/les-radiodiffuseurs-prives-du-canada-brillent-dun-grand-eclat-aux-prix-ecrans-canadiens\\\/#article\",\"isPartOf\":{\"@id\":\"https:\\\/\\\/www.cab-acr.ca\\\/fr\\\/les-radiodiffuseurs-prives-du-canada-brillent-dun-grand-eclat-aux-prix-ecrans-canadiens\\\/\"},\"author\":{\"name\":\"Lesley\",\"@id\":\"https:\\\/\\\/www.cab-acr.ca\\\/fr\\\/#\\\/schema\\\/person\\\/fb4235c3bd348974bb0b3c427c12fbd7\"},\"headline\":\"Les radiodiffuseurs priv\u00e9s du Canada brillent d\u2019un grand \u00e9clat aux Prix \u00c9crans canadiens\",\"datePublished\":\"2023-04-17T15:45:59+00:00\",\"dateModified\":\"2023-04-17T21:22:40+00:00\",\"mainEntityOfPage\":{\"@id\":\"https:\\\/\\\/www.cab-acr.ca\\\/fr\\\/les-radiodiffuseurs-prives-du-canada-brillent-dun-grand-eclat-aux-prix-ecrans-canadiens\\\/\"},\"wordCount\":645,\"image\":{\"@id\":\"https:\\\/\\\/www.cab-acr.ca\\\/fr\\\/les-radiodiffuseurs-prives-du-canada-brillent-dun-grand-eclat-aux-prix-ecrans-canadiens\\\/#primaryimage\"},\"thumbnailUrl\":\"https:\\\/\\\/www.cab-acr.ca\\\/wp-content\\\/uploads\\\/2023\\\/04\\\/pexels-caleb-oquendo-5001553-scaled.jpg\",\"keywords\":[\"Prix \u00c9crans canadiens\",\"T\u00e9l\u00e9vision\"],\"articleSection\":[\"Nouvelles du secteur\"],\"inLanguage\":\"fr-FR\"},{\"@type\":\"WebPage\",\"@id\":\"https:\\\/\\\/www.cab-acr.ca\\\/fr\\\/les-radiodiffuseurs-prives-du-canada-brillent-dun-grand-eclat-aux-prix-ecrans-canadiens\\\/\",\"url\":\"https:\\\/\\\/www.cab-acr.ca\\\/fr\\\/les-radiodiffuseurs-prives-du-canada-brillent-dun-grand-eclat-aux-prix-ecrans-canadiens\\\/\",\"name\":\"Les radiodiffuseurs priv\u00e9s du Canada brillent d\u2019un grand \u00e9clat aux Prix \u00c9crans canadiens - Association canadienne des radiodiffuseurs\",\"isPartOf\":{\"@id\":\"https:\\\/\\\/www.cab-acr.ca\\\/fr\\\/#website\"},\"primaryImageOfPage\":{\"@id\":\"https:\\\/\\\/www.cab-acr.ca\\\/fr\\\/les-radiodiffuseurs-prives-du-canada-brillent-dun-grand-eclat-aux-prix-ecrans-canadiens\\\/#primaryimage\"},\"image\":{\"@id\":\"https:\\\/\\\/www.cab-acr.ca\\\/fr\\\/les-radiodiffuseurs-prives-du-canada-brillent-dun-grand-eclat-aux-prix-ecrans-canadiens\\\/#primaryimage\"},\"thumbnailUrl\":\"https:\\\/\\\/www.cab-acr.ca\\\/wp-content\\\/uploads\\\/2023\\\/04\\\/pexels-caleb-oquendo-5001553-scaled.jpg\",\"datePublished\":\"2023-04-17T15:45:59+00:00\",\"dateModified\":\"2023-04-17T21:22:40+00:00\",\"author\":{\"@id\":\"https:\\\/\\\/www.cab-acr.ca\\\/fr\\\/#\\\/schema\\\/person\\\/fb4235c3bd348974bb0b3c427c12fbd7\"},\"description\":\"C\u2019est avec fiert\u00e9 que l\u2019Association canadienne des radiodiffuseurs (ACR) a vu plusieurs de ses membres para\u00eetre tant sur la liste des laur\u00e9ats des Prix \u00c9crans canadiens que celle des finalistes dans un vaste \u00e9ventail de cat\u00e9gories de productions allant des t\u00e9l\u00e9journaux aux \u00e9missions de divertissement et celles sur le style de vie.\",\"breadcrumb\":{\"@id\":\"https:\\\/\\\/www.cab-acr.ca\\\/fr\\\/les-radiodiffuseurs-prives-du-canada-brillent-dun-grand-eclat-aux-prix-ecrans-canadiens\\\/#breadcrumb\"},\"inLanguage\":\"fr-FR\",\"potentialAction\":[{\"@type\":\"ReadAction\",\"target\":[\"https:\\\/\\\/www.cab-acr.ca\\\/fr\\\/les-radiodiffuseurs-prives-du-canada-brillent-dun-grand-eclat-aux-prix-ecrans-canadiens\\\/\"]}]},{\"@type\":\"ImageObject\",\"inLanguage\":\"fr-FR\",\"@id\":\"https:\\\/\\\/www.cab-acr.ca\\\/fr\\\/les-radiodiffuseurs-prives-du-canada-brillent-dun-grand-eclat-aux-prix-ecrans-canadiens\\\/#primaryimage\",\"url\":\"https:\\\/\\\/www.cab-acr.ca\\\/wp-content\\\/uploads\\\/2023\\\/04\\\/pexels-caleb-oquendo-5001553-scaled.jpg\",\"contentUrl\":\"https:\\\/\\\/www.cab-acr.ca\\\/wp-content\\\/uploads\\\/2023\\\/04\\\/pexels-caleb-oquendo-5001553-scaled.jpg\",\"width\":2560,\"height\":1439},{\"@type\":\"BreadcrumbList\",\"@id\":\"https:\\\/\\\/www.cab-acr.ca\\\/fr\\\/les-radiodiffuseurs-prives-du-canada-brillent-dun-grand-eclat-aux-prix-ecrans-canadiens\\\/#breadcrumb\",\"itemListElement\":[{\"@type\":\"ListItem\",\"position\":1,\"name\":\"Home\",\"item\":\"https:\\\/\\\/www.cab-acr.ca\\\/fr\\\/\"},{\"@type\":\"ListItem\",\"position\":2,\"name\":\"Les radiodiffuseurs priv\u00e9s du Canada brillent d\u2019un grand \u00e9clat aux Prix \u00c9crans canadiens\"}]},{\"@type\":\"WebSite\",\"@id\":\"https:\\\/\\\/www.cab-acr.ca\\\/fr\\\/#website\",\"url\":\"https:\\\/\\\/www.cab-acr.ca\\\/fr\\\/\",\"name\":\"Association canadienne des radiodiffuseurs\",\"description\":\"ACR\",\"potentialAction\":[{\"@type\":\"SearchAction\",\"target\":{\"@type\":\"EntryPoint\",\"urlTemplate\":\"https:\\\/\\\/www.cab-acr.ca\\\/fr\\\/?s={search_term_string}\"},\"query-input\":{\"@type\":\"PropertyValueSpecification\",\"valueRequired\":true,\"valueName\":\"search_term_string\"}}],\"inLanguage\":\"fr-FR\"},{\"@type\":\"Person\",\"@id\":\"https:\\\/\\\/www.cab-acr.ca\\\/fr\\\/#\\\/schema\\\/person\\\/fb4235c3bd348974bb0b3c427c12fbd7\",\"name\":\"Lesley\",\"image\":{\"@type\":\"ImageObject\",\"inLanguage\":\"fr-FR\",\"@id\":\"https:\\\/\\\/secure.gravatar.com\\\/avatar\\\/b7e6e40b1e26090f962df3243a4720b85aa9a190902e9cd87a6fd1d22db31c69?s=96&d=mm&r=g\",\"url\":\"https:\\\/\\\/secure.gravatar.com\\\/avatar\\\/b7e6e40b1e26090f962df3243a4720b85aa9a190902e9cd87a6fd1d22db31c69?s=96&d=mm&r=g\",\"contentUrl\":\"https:\\\/\\\/secure.gravatar.com\\\/avatar\\\/b7e6e40b1e26090f962df3243a4720b85aa9a190902e9cd87a6fd1d22db31c69?s=96&d=mm&r=g\",\"caption\":\"Lesley\"},\"url\":\"https:\\\/\\\/www.cab-acr.ca\\\/fr\\\/author\\\/lesley\\\/\"}]}<\/script>\n<!-- \/ Yoast SEO plugin. -->","yoast_head_json":{"title":"Les radiodiffuseurs priv\u00e9s du Canada brillent d\u2019un grand \u00e9clat aux Prix \u00c9crans canadiens - Association canadienne des radiodiffuseurs","description":"C\u2019est avec fiert\u00e9 que l\u2019Association canadienne des radiodiffuseurs (ACR) a vu plusieurs de ses membres para\u00eetre tant sur la liste des laur\u00e9ats des Prix \u00c9crans canadiens que celle des finalistes dans un vaste \u00e9ventail de cat\u00e9gories de productions allant des t\u00e9l\u00e9journaux aux \u00e9missions de divertissement et celles sur le style de vie.","robots":{"index":"index","follow":"follow","max-snippet":"max-snippet:-1","max-image-preview":"max-image-preview:large","max-video-preview":"max-video-preview:-1"},"canonical":"https:\/\/www.cab-acr.ca\/fr\/les-radiodiffuseurs-prives-du-canada-brillent-dun-grand-eclat-aux-prix-ecrans-canadiens\/","og_locale":"fr_FR","og_type":"article","og_title":"Les radiodiffuseurs priv\u00e9s du Canada brillent d\u2019un grand \u00e9clat aux Prix \u00c9crans canadiens - Association canadienne des radiodiffuseurs","og_description":"C\u2019est avec fiert\u00e9 que l\u2019Association canadienne des radiodiffuseurs (ACR) a vu plusieurs de ses membres para\u00eetre tant sur la liste des laur\u00e9ats des Prix \u00c9crans canadiens que celle des finalistes dans un vaste \u00e9ventail de cat\u00e9gories de productions allant des t\u00e9l\u00e9journaux aux \u00e9missions de divertissement et celles sur le style de vie.","og_url":"https:\/\/www.cab-acr.ca\/fr\/les-radiodiffuseurs-prives-du-canada-brillent-dun-grand-eclat-aux-prix-ecrans-canadiens\/","og_site_name":"Association canadienne des radiodiffuseurs","article_published_time":"2023-04-17T15:45:59+00:00","article_modified_time":"2023-04-17T21:22:40+00:00","og_image":[{"width":2560,"height":1439,"url":"https:\/\/www.cab-acr.ca\/wp-content\/uploads\/2023\/04\/pexels-caleb-oquendo-5001553-scaled.jpg","type":"image\/jpeg"}],"author":"Lesley","twitter_card":"summary_large_image","twitter_image":"https:\/\/www.cab-acr.ca\/wp-content\/uploads\/2023\/04\/pexels-caleb-oquendo-5001553-scaled.jpg","twitter_misc":{"\u00c9crit par":"Lesley","Dur\u00e9e de lecture estim\u00e9e":"3 minutes"},"schema":{"@context":"https:\/\/schema.org","@graph":[{"@type":"Article","@id":"https:\/\/www.cab-acr.ca\/fr\/les-radiodiffuseurs-prives-du-canada-brillent-dun-grand-eclat-aux-prix-ecrans-canadiens\/#article","isPartOf":{"@id":"https:\/\/www.cab-acr.ca\/fr\/les-radiodiffuseurs-prives-du-canada-brillent-dun-grand-eclat-aux-prix-ecrans-canadiens\/"},"author":{"name":"Lesley","@id":"https:\/\/www.cab-acr.ca\/fr\/#\/schema\/person\/fb4235c3bd348974bb0b3c427c12fbd7"},"headline":"Les radiodiffuseurs priv\u00e9s du Canada brillent d\u2019un grand \u00e9clat aux Prix \u00c9crans canadiens","datePublished":"2023-04-17T15:45:59+00:00","dateModified":"2023-04-17T21:22:40+00:00","mainEntityOfPage":{"@id":"https:\/\/www.cab-acr.ca\/fr\/les-radiodiffuseurs-prives-du-canada-brillent-dun-grand-eclat-aux-prix-ecrans-canadiens\/"},"wordCount":645,"image":{"@id":"https:\/\/www.cab-acr.ca\/fr\/les-radiodiffuseurs-prives-du-canada-brillent-dun-grand-eclat-aux-prix-ecrans-canadiens\/#primaryimage"},"thumbnailUrl":"https:\/\/www.cab-acr.ca\/wp-content\/uploads\/2023\/04\/pexels-caleb-oquendo-5001553-scaled.jpg","keywords":["Prix \u00c9crans canadiens","T\u00e9l\u00e9vision"],"articleSection":["Nouvelles du secteur"],"inLanguage":"fr-FR"},{"@type":"WebPage","@id":"https:\/\/www.cab-acr.ca\/fr\/les-radiodiffuseurs-prives-du-canada-brillent-dun-grand-eclat-aux-prix-ecrans-canadiens\/","url":"https:\/\/www.cab-acr.ca\/fr\/les-radiodiffuseurs-prives-du-canada-brillent-dun-grand-eclat-aux-prix-ecrans-canadiens\/","name":"Les radiodiffuseurs priv\u00e9s du Canada brillent d\u2019un grand \u00e9clat aux Prix \u00c9crans canadiens - Association canadienne des radiodiffuseurs","isPartOf":{"@id":"https:\/\/www.cab-acr.ca\/fr\/#website"},"primaryImageOfPage":{"@id":"https:\/\/www.cab-acr.ca\/fr\/les-radiodiffuseurs-prives-du-canada-brillent-dun-grand-eclat-aux-prix-ecrans-canadiens\/#primaryimage"},"image":{"@id":"https:\/\/www.cab-acr.ca\/fr\/les-radiodiffuseurs-prives-du-canada-brillent-dun-grand-eclat-aux-prix-ecrans-canadiens\/#primaryimage"},"thumbnailUrl":"https:\/\/www.cab-acr.ca\/wp-content\/uploads\/2023\/04\/pexels-caleb-oquendo-5001553-scaled.jpg","datePublished":"2023-04-17T15:45:59+00:00","dateModified":"2023-04-17T21:22:40+00:00","author":{"@id":"https:\/\/www.cab-acr.ca\/fr\/#\/schema\/person\/fb4235c3bd348974bb0b3c427c12fbd7"},"description":"C\u2019est avec fiert\u00e9 que l\u2019Association canadienne des radiodiffuseurs (ACR) a vu plusieurs de ses membres para\u00eetre tant sur la liste des laur\u00e9ats des Prix \u00c9crans canadiens que celle des finalistes dans un vaste \u00e9ventail de cat\u00e9gories de productions allant des t\u00e9l\u00e9journaux aux \u00e9missions de divertissement et celles sur le style de vie.","breadcrumb":{"@id":"https:\/\/www.cab-acr.ca\/fr\/les-radiodiffuseurs-prives-du-canada-brillent-dun-grand-eclat-aux-prix-ecrans-canadiens\/#breadcrumb"},"inLanguage":"fr-FR","potentialAction":[{"@type":"ReadAction","target":["https:\/\/www.cab-acr.ca\/fr\/les-radiodiffuseurs-prives-du-canada-brillent-dun-grand-eclat-aux-prix-ecrans-canadiens\/"]}]},{"@type":"ImageObject","inLanguage":"fr-FR","@id":"https:\/\/www.cab-acr.ca\/fr\/les-radiodiffuseurs-prives-du-canada-brillent-dun-grand-eclat-aux-prix-ecrans-canadiens\/#primaryimage","url":"https:\/\/www.cab-acr.ca\/wp-content\/uploads\/2023\/04\/pexels-caleb-oquendo-5001553-scaled.jpg","contentUrl":"https:\/\/www.cab-acr.ca\/wp-content\/uploads\/2023\/04\/pexels-caleb-oquendo-5001553-scaled.jpg","width":2560,"height":1439},{"@type":"BreadcrumbList","@id":"https:\/\/www.cab-acr.ca\/fr\/les-radiodiffuseurs-prives-du-canada-brillent-dun-grand-eclat-aux-prix-ecrans-canadiens\/#breadcrumb","itemListElement":[{"@type":"ListItem","position":1,"name":"Home","item":"https:\/\/www.cab-acr.ca\/fr\/"},{"@type":"ListItem","position":2,"name":"Les radiodiffuseurs priv\u00e9s du Canada brillent d\u2019un grand \u00e9clat aux Prix \u00c9crans canadiens"}]},{"@type":"WebSite","@id":"https:\/\/www.cab-acr.ca\/fr\/#website","url":"https:\/\/www.cab-acr.ca\/fr\/","name":"Association canadienne des radiodiffuseurs","description":"ACR","potentialAction":[{"@type":"SearchAction","target":{"@type":"EntryPoint","urlTemplate":"https:\/\/www.cab-acr.ca\/fr\/?s={search_term_string}"},"query-input":{"@type":"PropertyValueSpecification","valueRequired":true,"valueName":"search_term_string"}}],"inLanguage":"fr-FR"},{"@type":"Person","@id":"https:\/\/www.cab-acr.ca\/fr\/#\/schema\/person\/fb4235c3bd348974bb0b3c427c12fbd7","name":"Lesley","image":{"@type":"ImageObject","inLanguage":"fr-FR","@id":"https:\/\/secure.gravatar.com\/avatar\/b7e6e40b1e26090f962df3243a4720b85aa9a190902e9cd87a6fd1d22db31c69?s=96&d=mm&r=g","url":"https:\/\/secure.gravatar.com\/avatar\/b7e6e40b1e26090f962df3243a4720b85aa9a190902e9cd87a6fd1d22db31c69?s=96&d=mm&r=g","contentUrl":"https:\/\/secure.gravatar.com\/avatar\/b7e6e40b1e26090f962df3243a4720b85aa9a190902e9cd87a6fd1d22db31c69?s=96&d=mm&r=g","caption":"Lesley"},"url":"https:\/\/www.cab-acr.ca\/fr\/author\/lesley\/"}]}},"_links":{"self":[{"href":"https:\/\/www.cab-acr.ca\/fr\/wp-json\/wp\/v2\/posts\/2563","targetHints":{"allow":["GET"]}}],"collection":[{"href":"https:\/\/www.cab-acr.ca\/fr\/wp-json\/wp\/v2\/posts"}],"about":[{"href":"https:\/\/www.cab-acr.ca\/fr\/wp-json\/wp\/v2\/types\/post"}],"author":[{"embeddable":true,"href":"https:\/\/www.cab-acr.ca\/fr\/wp-json\/wp\/v2\/users\/6"}],"replies":[{"embeddable":true,"href":"https:\/\/www.cab-acr.ca\/fr\/wp-json\/wp\/v2\/comments?post=2563"}],"version-history":[{"count":0,"href":"https:\/\/www.cab-acr.ca\/fr\/wp-json\/wp\/v2\/posts\/2563\/revisions"}],"wp:featuredmedia":[{"embeddable":true,"href":"https:\/\/www.cab-acr.ca\/fr\/wp-json\/wp\/v2\/media\/2562"}],"wp:attachment":[{"href":"https:\/\/www.cab-acr.ca\/fr\/wp-json\/wp\/v2\/media?parent=2563"}],"wp:term":[{"taxonomy":"category","embeddable":true,"href":"https:\/\/www.cab-acr.ca\/fr\/wp-json\/wp\/v2\/categories?post=2563"},{"taxonomy":"post_tag","embeddable":true,"href":"https:\/\/www.cab-acr.ca\/fr\/wp-json\/wp\/v2\/tags?post=2563"}],"curies":[{"name":"wp","href":"https:\/\/api.w.org\/{rel}","templated":true}]}}