{"id":2547,"date":"2023-03-09T21:12:09","date_gmt":"2023-03-09T21:12:09","guid":{"rendered":"https:\/\/www.cab-acr.ca\/?p=2547"},"modified":"2023-03-09T21:32:17","modified_gmt":"2023-03-09T21:32:17","slug":"lacr-exhorte-le-gouvernement-a-adopter-le-projet-de-loi-c-11-dans-linteret-de-lavenir-du-secteur-de-la-radiodiffusion","status":"publish","type":"post","link":"https:\/\/www.cab-acr.ca\/fr\/lacr-exhorte-le-gouvernement-a-adopter-le-projet-de-loi-c-11-dans-linteret-de-lavenir-du-secteur-de-la-radiodiffusion\/","title":{"rendered":"L\u2019ACR exhorte le gouvernement \u00e0 adopter le projet de loi C-11 dans l\u2019int\u00e9r\u00eat de l\u2019avenir du secteur de la radiodiffusion"},"content":{"rendered":"<p>En tant que porte-parole national des radiodiffuseurs priv\u00e9s du Canada, l\u2019Association canadienne des radiodiffuseurs (ACR) est heureuse de constater que la motion du ministre du Patrimoine canadien concernant <a href=\"https:\/\/www.cab-acr.ca\/fr\/le-projet-de-loi-c-11-au-senat\/\">le projet de loi C-11<\/a> fut pr\u00e9sent\u00e9e hier. Cela fait avancer cette mesure l\u00e9gislative d\u2019importance critique suite \u00e0 un d\u00e9bat prolong\u00e9 \u00e0 la Chambre des communes et au S\u00e9nat.<\/p>\n<p>\u00ab Le projet de loi C-11 a fait l\u2019objet d\u2019\u00e9norm\u00e9ment de d\u00e9bat et d\u2019examen. C\u2019est maintenant le moment d\u2019adopter cette loi et d\u2019aller de l\u2019avant pour s\u2019assurer d\u2019adapter notre cadre de r\u00e9glementation pour la radiodiffusion, d\u2019ailleurs d\u00e9suet, au si\u00e8cle actuel, \u00bb a d\u00e9clar\u00e9 le pr\u00e9sident de l\u2019ACR, Kevin Desjardins.<\/p>\n<p>\u00ab Le secteur de la radiodiffusion fait face \u00e0 des changements qui se produisent \u00e0 un rythme sans pr\u00e9c\u00e9dent, et les g\u00e9ants \u00e9trangers en ligne continuent \u00e0 profiter de la lenteur persistante \u00e0 les int\u00e9grer au syst\u00e8me. Ils continuent \u00e0 r\u00e9colter d\u2019importants b\u00e9n\u00e9fices financiers gr\u00e2ce \u00e0 leur pr\u00e9sence sur le march\u00e9 canadien, tandis que nos radiodiffuseurs doivent fonctionner selon les anciennes r\u00e8gles et supporter le poids des obligations en place pour \u00e9pauler le secteur canadien du divertissement. \u00bb<\/p>\n<p>Il est essentiel que nous menions cet effort \u00e0 bon terme maintenant, afin que nous puissions commencer \u00e0 accueillir les mises \u00e0 jour n\u00e9cessaires et si longuement attendues \u00e0 la Loi sur la radiodiffusion. Nous avons bon espoir que toutes les parties collaboreront pour assurer l\u2019adoption de ce projet de loi. Cet effort permettra enfin de r\u00e9tablir l\u2019\u00e9quilibre entre les obligations r\u00e9glementaires des radiodiffuseurs et des entreprises \u00e9trang\u00e8res en ligne.<\/p>\n","protected":false},"excerpt":{"rendered":"<p>En tant que porte-parole national des radiodiffuseurs priv\u00e9s du Canada, l\u2019Association canadienne des radiodiffuseurs (ACR) est heureuse de constater que la motion du ministre du Patrimoine canadien concernant le projet de loi C-11 fut pr\u00e9sent\u00e9e hier. Cela fait avancer cette mesure l\u00e9gislative d\u2019importance critique suite \u00e0 un d\u00e9bat prolong\u00e9 \u00e0 la Chambre des communes et [&hellip;]<\/p>\n","protected":false},"author":6,"featured_media":2546,"comment_status":"closed","ping_status":"open","sticky":false,"template":"","format":"standard","meta":{"_acf_changed":false,"_genesis_hide_title":false,"_genesis_hide_breadcrumbs":false,"_genesis_hide_singular_image":false,"_genesis_hide_footer_widgets":false,"_genesis_custom_body_class":"","_genesis_custom_post_class":"","_genesis_layout":"","footnotes":""},"categories":[6,42],"tags":[239,240,153,235,234],"class_list":{"0":"post-2547","1":"post","2":"type-post","3":"status-publish","4":"format-standard","5":"has-post-thumbnail","7":"category-industry-news","8":"category-non-classifiee","9":"tag-bill-c-11","10":"tag-broadcasting-act","11":"tag-canadian-broadcasting","12":"tag-loi-sur-la-radiodiffusion","13":"tag-projet-de-loi-c-11","14":"entry"},"acf":[],"yoast_head":"<!-- This site is optimized with the Yoast SEO plugin v27.5 - https:\/\/yoast.com\/product\/yoast-seo-wordpress\/ -->\n<title>L\u2019ACR exhorte le gouvernement \u00e0 adopter le projet de loi C-11 dans l\u2019int\u00e9r\u00eat de l\u2019avenir du secteur de la radiodiffusion - Association canadienne des radiodiffuseurs<\/title>\n<meta name=\"description\" content=\"En tant que porte-parole national des radiodiffuseurs priv\u00e9s du Canada, l\u2019Association canadienne des radiodiffuseurs (ACR) est heureuse de constater que la motion du ministre du Patrimoine canadien concernant le projet de loi C-11 fut pr\u00e9sent\u00e9e hier\" \/>\n<meta name=\"robots\" content=\"index, follow, max-snippet:-1, max-image-preview:large, max-video-preview:-1\" \/>\n<link rel=\"canonical\" href=\"https:\/\/www.cab-acr.ca\/fr\/lacr-exhorte-le-gouvernement-a-adopter-le-projet-de-loi-c-11-dans-linteret-de-lavenir-du-secteur-de-la-radiodiffusion\/\" \/>\n<meta property=\"og:locale\" content=\"fr_FR\" \/>\n<meta property=\"og:type\" content=\"article\" \/>\n<meta property=\"og:title\" content=\"L\u2019ACR exhorte le gouvernement \u00e0 adopter le projet de loi C-11 dans l\u2019int\u00e9r\u00eat de l\u2019avenir du secteur de la radiodiffusion - Association canadienne des radiodiffuseurs\" \/>\n<meta property=\"og:description\" content=\"En tant que porte-parole national des radiodiffuseurs priv\u00e9s du Canada, l\u2019Association canadienne des radiodiffuseurs (ACR) est heureuse de constater que la motion du ministre du Patrimoine canadien concernant le projet de loi C-11 fut pr\u00e9sent\u00e9e hier\" \/>\n<meta property=\"og:url\" content=\"https:\/\/www.cab-acr.ca\/fr\/lacr-exhorte-le-gouvernement-a-adopter-le-projet-de-loi-c-11-dans-linteret-de-lavenir-du-secteur-de-la-radiodiffusion\/\" \/>\n<meta property=\"og:site_name\" content=\"Association canadienne des radiodiffuseurs\" \/>\n<meta property=\"article:published_time\" content=\"2023-03-09T21:12:09+00:00\" \/>\n<meta property=\"article:modified_time\" content=\"2023-03-09T21:32:17+00:00\" \/>\n<meta property=\"og:image\" content=\"https:\/\/www.cab-acr.ca\/wp-content\/uploads\/2023\/03\/pexels-caleb-oquendo-2918590-scaled-e1678396052289.jpg\" \/>\n\t<meta property=\"og:image:width\" content=\"1707\" \/>\n\t<meta property=\"og:image:height\" content=\"2560\" \/>\n\t<meta property=\"og:image:type\" content=\"image\/jpeg\" \/>\n<meta name=\"author\" content=\"Lesley\" \/>\n<meta name=\"twitter:card\" content=\"summary_large_image\" \/>\n<meta name=\"twitter:image\" content=\"https:\/\/www.cab-acr.ca\/wp-content\/uploads\/2023\/03\/pexels-caleb-oquendo-2918590-scaled-e1678396052289.jpg\" \/>\n<meta name=\"twitter:label1\" content=\"\u00c9crit par\" \/>\n\t<meta name=\"twitter:data1\" content=\"Lesley\" \/>\n\t<meta name=\"twitter:label2\" content=\"Dur\u00e9e de lecture estim\u00e9e\" \/>\n\t<meta name=\"twitter:data2\" content=\"2 minutes\" \/>\n<script type=\"application\/ld+json\" class=\"yoast-schema-graph\">{\"@context\":\"https:\\\/\\\/schema.org\",\"@graph\":[{\"@type\":\"Article\",\"@id\":\"https:\\\/\\\/www.cab-acr.ca\\\/fr\\\/lacr-exhorte-le-gouvernement-a-adopter-le-projet-de-loi-c-11-dans-linteret-de-lavenir-du-secteur-de-la-radiodiffusion\\\/#article\",\"isPartOf\":{\"@id\":\"https:\\\/\\\/www.cab-acr.ca\\\/fr\\\/lacr-exhorte-le-gouvernement-a-adopter-le-projet-de-loi-c-11-dans-linteret-de-lavenir-du-secteur-de-la-radiodiffusion\\\/\"},\"author\":{\"name\":\"Lesley\",\"@id\":\"https:\\\/\\\/www.cab-acr.ca\\\/fr\\\/#\\\/schema\\\/person\\\/fb4235c3bd348974bb0b3c427c12fbd7\"},\"headline\":\"L\u2019ACR exhorte le gouvernement \u00e0 adopter le projet de loi C-11 dans l\u2019int\u00e9r\u00eat de l\u2019avenir du secteur de la radiodiffusion\",\"datePublished\":\"2023-03-09T21:12:09+00:00\",\"dateModified\":\"2023-03-09T21:32:17+00:00\",\"mainEntityOfPage\":{\"@id\":\"https:\\\/\\\/www.cab-acr.ca\\\/fr\\\/lacr-exhorte-le-gouvernement-a-adopter-le-projet-de-loi-c-11-dans-linteret-de-lavenir-du-secteur-de-la-radiodiffusion\\\/\"},\"wordCount\":306,\"image\":{\"@id\":\"https:\\\/\\\/www.cab-acr.ca\\\/fr\\\/lacr-exhorte-le-gouvernement-a-adopter-le-projet-de-loi-c-11-dans-linteret-de-lavenir-du-secteur-de-la-radiodiffusion\\\/#primaryimage\"},\"thumbnailUrl\":\"https:\\\/\\\/www.cab-acr.ca\\\/wp-content\\\/uploads\\\/2023\\\/03\\\/pexels-caleb-oquendo-2918590-scaled-e1678396052289.jpg\",\"keywords\":[\"Bill C-11\",\"Broadcasting Act\",\"Canadian Broadcasting\",\"Loi sur la radiodiffusion\",\"Projet de loi C-11\"],\"articleSection\":[\"Industry News\",\"Non classifi\u00e9(e)\"],\"inLanguage\":\"fr-FR\"},{\"@type\":\"WebPage\",\"@id\":\"https:\\\/\\\/www.cab-acr.ca\\\/fr\\\/lacr-exhorte-le-gouvernement-a-adopter-le-projet-de-loi-c-11-dans-linteret-de-lavenir-du-secteur-de-la-radiodiffusion\\\/\",\"url\":\"https:\\\/\\\/www.cab-acr.ca\\\/fr\\\/lacr-exhorte-le-gouvernement-a-adopter-le-projet-de-loi-c-11-dans-linteret-de-lavenir-du-secteur-de-la-radiodiffusion\\\/\",\"name\":\"L\u2019ACR exhorte le gouvernement \u00e0 adopter le projet de loi C-11 dans l\u2019int\u00e9r\u00eat de l\u2019avenir du secteur de la radiodiffusion - Association canadienne des radiodiffuseurs\",\"isPartOf\":{\"@id\":\"https:\\\/\\\/www.cab-acr.ca\\\/fr\\\/#website\"},\"primaryImageOfPage\":{\"@id\":\"https:\\\/\\\/www.cab-acr.ca\\\/fr\\\/lacr-exhorte-le-gouvernement-a-adopter-le-projet-de-loi-c-11-dans-linteret-de-lavenir-du-secteur-de-la-radiodiffusion\\\/#primaryimage\"},\"image\":{\"@id\":\"https:\\\/\\\/www.cab-acr.ca\\\/fr\\\/lacr-exhorte-le-gouvernement-a-adopter-le-projet-de-loi-c-11-dans-linteret-de-lavenir-du-secteur-de-la-radiodiffusion\\\/#primaryimage\"},\"thumbnailUrl\":\"https:\\\/\\\/www.cab-acr.ca\\\/wp-content\\\/uploads\\\/2023\\\/03\\\/pexels-caleb-oquendo-2918590-scaled-e1678396052289.jpg\",\"datePublished\":\"2023-03-09T21:12:09+00:00\",\"dateModified\":\"2023-03-09T21:32:17+00:00\",\"author\":{\"@id\":\"https:\\\/\\\/www.cab-acr.ca\\\/fr\\\/#\\\/schema\\\/person\\\/fb4235c3bd348974bb0b3c427c12fbd7\"},\"description\":\"En tant que porte-parole national des radiodiffuseurs priv\u00e9s du Canada, l\u2019Association canadienne des radiodiffuseurs (ACR) est heureuse de constater que la motion du ministre du Patrimoine canadien concernant le projet de loi C-11 fut pr\u00e9sent\u00e9e hier\",\"breadcrumb\":{\"@id\":\"https:\\\/\\\/www.cab-acr.ca\\\/fr\\\/lacr-exhorte-le-gouvernement-a-adopter-le-projet-de-loi-c-11-dans-linteret-de-lavenir-du-secteur-de-la-radiodiffusion\\\/#breadcrumb\"},\"inLanguage\":\"fr-FR\",\"potentialAction\":[{\"@type\":\"ReadAction\",\"target\":[\"https:\\\/\\\/www.cab-acr.ca\\\/fr\\\/lacr-exhorte-le-gouvernement-a-adopter-le-projet-de-loi-c-11-dans-linteret-de-lavenir-du-secteur-de-la-radiodiffusion\\\/\"]}]},{\"@type\":\"ImageObject\",\"inLanguage\":\"fr-FR\",\"@id\":\"https:\\\/\\\/www.cab-acr.ca\\\/fr\\\/lacr-exhorte-le-gouvernement-a-adopter-le-projet-de-loi-c-11-dans-linteret-de-lavenir-du-secteur-de-la-radiodiffusion\\\/#primaryimage\",\"url\":\"https:\\\/\\\/www.cab-acr.ca\\\/wp-content\\\/uploads\\\/2023\\\/03\\\/pexels-caleb-oquendo-2918590-scaled-e1678396052289.jpg\",\"contentUrl\":\"https:\\\/\\\/www.cab-acr.ca\\\/wp-content\\\/uploads\\\/2023\\\/03\\\/pexels-caleb-oquendo-2918590-scaled-e1678396052289.jpg\",\"width\":1707,\"height\":2560},{\"@type\":\"BreadcrumbList\",\"@id\":\"https:\\\/\\\/www.cab-acr.ca\\\/fr\\\/lacr-exhorte-le-gouvernement-a-adopter-le-projet-de-loi-c-11-dans-linteret-de-lavenir-du-secteur-de-la-radiodiffusion\\\/#breadcrumb\",\"itemListElement\":[{\"@type\":\"ListItem\",\"position\":1,\"name\":\"Home\",\"item\":\"https:\\\/\\\/www.cab-acr.ca\\\/fr\\\/\"},{\"@type\":\"ListItem\",\"position\":2,\"name\":\"L\u2019ACR exhorte le gouvernement \u00e0 adopter le projet de loi C-11 dans l\u2019int\u00e9r\u00eat de l\u2019avenir du secteur de la radiodiffusion\"}]},{\"@type\":\"WebSite\",\"@id\":\"https:\\\/\\\/www.cab-acr.ca\\\/fr\\\/#website\",\"url\":\"https:\\\/\\\/www.cab-acr.ca\\\/fr\\\/\",\"name\":\"Association canadienne des radiodiffuseurs\",\"description\":\"ACR\",\"potentialAction\":[{\"@type\":\"SearchAction\",\"target\":{\"@type\":\"EntryPoint\",\"urlTemplate\":\"https:\\\/\\\/www.cab-acr.ca\\\/fr\\\/?s={search_term_string}\"},\"query-input\":{\"@type\":\"PropertyValueSpecification\",\"valueRequired\":true,\"valueName\":\"search_term_string\"}}],\"inLanguage\":\"fr-FR\"},{\"@type\":\"Person\",\"@id\":\"https:\\\/\\\/www.cab-acr.ca\\\/fr\\\/#\\\/schema\\\/person\\\/fb4235c3bd348974bb0b3c427c12fbd7\",\"name\":\"Lesley\",\"image\":{\"@type\":\"ImageObject\",\"inLanguage\":\"fr-FR\",\"@id\":\"https:\\\/\\\/secure.gravatar.com\\\/avatar\\\/b7e6e40b1e26090f962df3243a4720b85aa9a190902e9cd87a6fd1d22db31c69?s=96&d=mm&r=g\",\"url\":\"https:\\\/\\\/secure.gravatar.com\\\/avatar\\\/b7e6e40b1e26090f962df3243a4720b85aa9a190902e9cd87a6fd1d22db31c69?s=96&d=mm&r=g\",\"contentUrl\":\"https:\\\/\\\/secure.gravatar.com\\\/avatar\\\/b7e6e40b1e26090f962df3243a4720b85aa9a190902e9cd87a6fd1d22db31c69?s=96&d=mm&r=g\",\"caption\":\"Lesley\"},\"url\":\"https:\\\/\\\/www.cab-acr.ca\\\/fr\\\/author\\\/lesley\\\/\"}]}<\/script>\n<!-- \/ Yoast SEO plugin. -->","yoast_head_json":{"title":"L\u2019ACR exhorte le gouvernement \u00e0 adopter le projet de loi C-11 dans l\u2019int\u00e9r\u00eat de l\u2019avenir du secteur de la radiodiffusion - Association canadienne des radiodiffuseurs","description":"En tant que porte-parole national des radiodiffuseurs priv\u00e9s du Canada, l\u2019Association canadienne des radiodiffuseurs (ACR) est heureuse de constater que la motion du ministre du Patrimoine canadien concernant le projet de loi C-11 fut pr\u00e9sent\u00e9e hier","robots":{"index":"index","follow":"follow","max-snippet":"max-snippet:-1","max-image-preview":"max-image-preview:large","max-video-preview":"max-video-preview:-1"},"canonical":"https:\/\/www.cab-acr.ca\/fr\/lacr-exhorte-le-gouvernement-a-adopter-le-projet-de-loi-c-11-dans-linteret-de-lavenir-du-secteur-de-la-radiodiffusion\/","og_locale":"fr_FR","og_type":"article","og_title":"L\u2019ACR exhorte le gouvernement \u00e0 adopter le projet de loi C-11 dans l\u2019int\u00e9r\u00eat de l\u2019avenir du secteur de la radiodiffusion - Association canadienne des radiodiffuseurs","og_description":"En tant que porte-parole national des radiodiffuseurs priv\u00e9s du Canada, l\u2019Association canadienne des radiodiffuseurs (ACR) est heureuse de constater que la motion du ministre du Patrimoine canadien concernant le projet de loi C-11 fut pr\u00e9sent\u00e9e hier","og_url":"https:\/\/www.cab-acr.ca\/fr\/lacr-exhorte-le-gouvernement-a-adopter-le-projet-de-loi-c-11-dans-linteret-de-lavenir-du-secteur-de-la-radiodiffusion\/","og_site_name":"Association canadienne des radiodiffuseurs","article_published_time":"2023-03-09T21:12:09+00:00","article_modified_time":"2023-03-09T21:32:17+00:00","og_image":[{"width":1707,"height":2560,"url":"https:\/\/www.cab-acr.ca\/wp-content\/uploads\/2023\/03\/pexels-caleb-oquendo-2918590-scaled-e1678396052289.jpg","type":"image\/jpeg"}],"author":"Lesley","twitter_card":"summary_large_image","twitter_image":"https:\/\/www.cab-acr.ca\/wp-content\/uploads\/2023\/03\/pexels-caleb-oquendo-2918590-scaled-e1678396052289.jpg","twitter_misc":{"\u00c9crit par":"Lesley","Dur\u00e9e de lecture estim\u00e9e":"2 minutes"},"schema":{"@context":"https:\/\/schema.org","@graph":[{"@type":"Article","@id":"https:\/\/www.cab-acr.ca\/fr\/lacr-exhorte-le-gouvernement-a-adopter-le-projet-de-loi-c-11-dans-linteret-de-lavenir-du-secteur-de-la-radiodiffusion\/#article","isPartOf":{"@id":"https:\/\/www.cab-acr.ca\/fr\/lacr-exhorte-le-gouvernement-a-adopter-le-projet-de-loi-c-11-dans-linteret-de-lavenir-du-secteur-de-la-radiodiffusion\/"},"author":{"name":"Lesley","@id":"https:\/\/www.cab-acr.ca\/fr\/#\/schema\/person\/fb4235c3bd348974bb0b3c427c12fbd7"},"headline":"L\u2019ACR exhorte le gouvernement \u00e0 adopter le projet de loi C-11 dans l\u2019int\u00e9r\u00eat de l\u2019avenir du secteur de la radiodiffusion","datePublished":"2023-03-09T21:12:09+00:00","dateModified":"2023-03-09T21:32:17+00:00","mainEntityOfPage":{"@id":"https:\/\/www.cab-acr.ca\/fr\/lacr-exhorte-le-gouvernement-a-adopter-le-projet-de-loi-c-11-dans-linteret-de-lavenir-du-secteur-de-la-radiodiffusion\/"},"wordCount":306,"image":{"@id":"https:\/\/www.cab-acr.ca\/fr\/lacr-exhorte-le-gouvernement-a-adopter-le-projet-de-loi-c-11-dans-linteret-de-lavenir-du-secteur-de-la-radiodiffusion\/#primaryimage"},"thumbnailUrl":"https:\/\/www.cab-acr.ca\/wp-content\/uploads\/2023\/03\/pexels-caleb-oquendo-2918590-scaled-e1678396052289.jpg","keywords":["Bill C-11","Broadcasting Act","Canadian Broadcasting","Loi sur la radiodiffusion","Projet de loi C-11"],"articleSection":["Industry News","Non classifi\u00e9(e)"],"inLanguage":"fr-FR"},{"@type":"WebPage","@id":"https:\/\/www.cab-acr.ca\/fr\/lacr-exhorte-le-gouvernement-a-adopter-le-projet-de-loi-c-11-dans-linteret-de-lavenir-du-secteur-de-la-radiodiffusion\/","url":"https:\/\/www.cab-acr.ca\/fr\/lacr-exhorte-le-gouvernement-a-adopter-le-projet-de-loi-c-11-dans-linteret-de-lavenir-du-secteur-de-la-radiodiffusion\/","name":"L\u2019ACR exhorte le gouvernement \u00e0 adopter le projet de loi C-11 dans l\u2019int\u00e9r\u00eat de l\u2019avenir du secteur de la radiodiffusion - Association canadienne des radiodiffuseurs","isPartOf":{"@id":"https:\/\/www.cab-acr.ca\/fr\/#website"},"primaryImageOfPage":{"@id":"https:\/\/www.cab-acr.ca\/fr\/lacr-exhorte-le-gouvernement-a-adopter-le-projet-de-loi-c-11-dans-linteret-de-lavenir-du-secteur-de-la-radiodiffusion\/#primaryimage"},"image":{"@id":"https:\/\/www.cab-acr.ca\/fr\/lacr-exhorte-le-gouvernement-a-adopter-le-projet-de-loi-c-11-dans-linteret-de-lavenir-du-secteur-de-la-radiodiffusion\/#primaryimage"},"thumbnailUrl":"https:\/\/www.cab-acr.ca\/wp-content\/uploads\/2023\/03\/pexels-caleb-oquendo-2918590-scaled-e1678396052289.jpg","datePublished":"2023-03-09T21:12:09+00:00","dateModified":"2023-03-09T21:32:17+00:00","author":{"@id":"https:\/\/www.cab-acr.ca\/fr\/#\/schema\/person\/fb4235c3bd348974bb0b3c427c12fbd7"},"description":"En tant que porte-parole national des radiodiffuseurs priv\u00e9s du Canada, l\u2019Association canadienne des radiodiffuseurs (ACR) est heureuse de constater que la motion du ministre du Patrimoine canadien concernant le projet de loi C-11 fut pr\u00e9sent\u00e9e hier","breadcrumb":{"@id":"https:\/\/www.cab-acr.ca\/fr\/lacr-exhorte-le-gouvernement-a-adopter-le-projet-de-loi-c-11-dans-linteret-de-lavenir-du-secteur-de-la-radiodiffusion\/#breadcrumb"},"inLanguage":"fr-FR","potentialAction":[{"@type":"ReadAction","target":["https:\/\/www.cab-acr.ca\/fr\/lacr-exhorte-le-gouvernement-a-adopter-le-projet-de-loi-c-11-dans-linteret-de-lavenir-du-secteur-de-la-radiodiffusion\/"]}]},{"@type":"ImageObject","inLanguage":"fr-FR","@id":"https:\/\/www.cab-acr.ca\/fr\/lacr-exhorte-le-gouvernement-a-adopter-le-projet-de-loi-c-11-dans-linteret-de-lavenir-du-secteur-de-la-radiodiffusion\/#primaryimage","url":"https:\/\/www.cab-acr.ca\/wp-content\/uploads\/2023\/03\/pexels-caleb-oquendo-2918590-scaled-e1678396052289.jpg","contentUrl":"https:\/\/www.cab-acr.ca\/wp-content\/uploads\/2023\/03\/pexels-caleb-oquendo-2918590-scaled-e1678396052289.jpg","width":1707,"height":2560},{"@type":"BreadcrumbList","@id":"https:\/\/www.cab-acr.ca\/fr\/lacr-exhorte-le-gouvernement-a-adopter-le-projet-de-loi-c-11-dans-linteret-de-lavenir-du-secteur-de-la-radiodiffusion\/#breadcrumb","itemListElement":[{"@type":"ListItem","position":1,"name":"Home","item":"https:\/\/www.cab-acr.ca\/fr\/"},{"@type":"ListItem","position":2,"name":"L\u2019ACR exhorte le gouvernement \u00e0 adopter le projet de loi C-11 dans l\u2019int\u00e9r\u00eat de l\u2019avenir du secteur de la radiodiffusion"}]},{"@type":"WebSite","@id":"https:\/\/www.cab-acr.ca\/fr\/#website","url":"https:\/\/www.cab-acr.ca\/fr\/","name":"Association canadienne des radiodiffuseurs","description":"ACR","potentialAction":[{"@type":"SearchAction","target":{"@type":"EntryPoint","urlTemplate":"https:\/\/www.cab-acr.ca\/fr\/?s={search_term_string}"},"query-input":{"@type":"PropertyValueSpecification","valueRequired":true,"valueName":"search_term_string"}}],"inLanguage":"fr-FR"},{"@type":"Person","@id":"https:\/\/www.cab-acr.ca\/fr\/#\/schema\/person\/fb4235c3bd348974bb0b3c427c12fbd7","name":"Lesley","image":{"@type":"ImageObject","inLanguage":"fr-FR","@id":"https:\/\/secure.gravatar.com\/avatar\/b7e6e40b1e26090f962df3243a4720b85aa9a190902e9cd87a6fd1d22db31c69?s=96&d=mm&r=g","url":"https:\/\/secure.gravatar.com\/avatar\/b7e6e40b1e26090f962df3243a4720b85aa9a190902e9cd87a6fd1d22db31c69?s=96&d=mm&r=g","contentUrl":"https:\/\/secure.gravatar.com\/avatar\/b7e6e40b1e26090f962df3243a4720b85aa9a190902e9cd87a6fd1d22db31c69?s=96&d=mm&r=g","caption":"Lesley"},"url":"https:\/\/www.cab-acr.ca\/fr\/author\/lesley\/"}]}},"_links":{"self":[{"href":"https:\/\/www.cab-acr.ca\/fr\/wp-json\/wp\/v2\/posts\/2547","targetHints":{"allow":["GET"]}}],"collection":[{"href":"https:\/\/www.cab-acr.ca\/fr\/wp-json\/wp\/v2\/posts"}],"about":[{"href":"https:\/\/www.cab-acr.ca\/fr\/wp-json\/wp\/v2\/types\/post"}],"author":[{"embeddable":true,"href":"https:\/\/www.cab-acr.ca\/fr\/wp-json\/wp\/v2\/users\/6"}],"replies":[{"embeddable":true,"href":"https:\/\/www.cab-acr.ca\/fr\/wp-json\/wp\/v2\/comments?post=2547"}],"version-history":[{"count":0,"href":"https:\/\/www.cab-acr.ca\/fr\/wp-json\/wp\/v2\/posts\/2547\/revisions"}],"wp:featuredmedia":[{"embeddable":true,"href":"https:\/\/www.cab-acr.ca\/fr\/wp-json\/wp\/v2\/media\/2546"}],"wp:attachment":[{"href":"https:\/\/www.cab-acr.ca\/fr\/wp-json\/wp\/v2\/media?parent=2547"}],"wp:term":[{"taxonomy":"category","embeddable":true,"href":"https:\/\/www.cab-acr.ca\/fr\/wp-json\/wp\/v2\/categories?post=2547"},{"taxonomy":"post_tag","embeddable":true,"href":"https:\/\/www.cab-acr.ca\/fr\/wp-json\/wp\/v2\/tags?post=2547"}],"curies":[{"name":"wp","href":"https:\/\/api.w.org\/{rel}","templated":true}]}}