{"id":2509,"date":"2022-12-07T22:38:14","date_gmt":"2022-12-07T22:38:14","guid":{"rendered":"https:\/\/www.cab-acr.ca\/?p=2509"},"modified":"2022-12-08T14:28:03","modified_gmt":"2022-12-08T14:28:03","slug":"reglementation-retrograde-la-politique-mise-a-jour-du-crtc-sur-la-radio-commerciale","status":"publish","type":"post","link":"https:\/\/www.cab-acr.ca\/fr\/reglementation-retrograde-la-politique-mise-a-jour-du-crtc-sur-la-radio-commerciale\/","title":{"rendered":"R\u00e9glementation r\u00e9trograde : la politique mise \u00e0 jour du CRTC sur la radio commerciale"},"content":{"rendered":"<p>La d\u00e9cision, rendue publique aujourd\u2019hui, par le Conseil de la radiodiffusion et des t\u00e9l\u00e9communications canadiennes (CRTC) concernant l\u2019examen qu\u2019il a effectu\u00e9 de la politique sur la radio commerciale est une profonde d\u00e9ception et une occasion manqu\u00e9e d\u2019aider \u00e0 assurer la viabilit\u00e9 de la radio au Canada \u00e0 l\u2019avenir.<\/p>\n<p>En tant que porte-parole national des radiodiffuseurs priv\u00e9s du Canada, l\u2019Association canadienne des radiodiffuseurs (ACR) estime d\u00e9concertant de constater que cette d\u00e9cision si longuement attendue est bien ancr\u00e9e dans les politiques du pass\u00e9 et tient \u00e0 les valider tout en minimisant les d\u00e9fis \u00e0 relever actuellement dans le march\u00e9 du contenu audio commercial.<\/p>\n<p>\u00ab Apr\u00e8s un long processus d\u2019une dur\u00e9e de plus de deux ans, nous trouvons consternant que le Conseil ait manqu\u00e9 cette occasion cruciale d\u2019adopter une politique orient\u00e9e vers l\u2019avenir afin d\u2019assurer la viabilit\u00e9 de la radio au Canada \u00bb, a d\u00e9clar\u00e9 le pr\u00e9sident de l\u2019ACR, Kevin Desjardins. \u00ab On nous pr\u00e9sente plut\u00f4t de la r\u00e9glementation qui a \u00e9t\u00e9 formul\u00e9e en regardant dans le r\u00e9troviseur et en s\u2019appuyant sur des pierres de touche politiques du pass\u00e9 qui ne cr\u00e9ent pas les conditions n\u00e9cessaires pour le succ\u00e8s \u00e0 l\u2019avenir de la radio, un secteur qui est d\u00e9j\u00e0 en crise \u00bb, a-t-il ajout\u00e9.<\/p>\n<p>Le dernier examen de la politique sur la radio commerciale a eu lieu en 2006, avant l\u2019existence de l\u2019iPhone, Spotify, Apple Music, et d\u2019autres services audio sur Internet. Il est inconcevable\u00a0 que 16 ans plus tard le Conseil adopterait un cadre de politique qui maintient largement le statu quo, alors que la preuve d\u00e9montre clairement que le secteur de la radio est gravement en d\u00e9clin face aux changements \u00e9normes qui se sont produits dans l\u2019\u00e9cosyst\u00e8me audio.<\/p>\n<p>\u00c0 quelques petites exceptions pr\u00e8s, la politique mise \u00e0 jour sur la radio commerciale ne comprend aucun changement significatif pour les services de radio commerciale. En fait, elle d\u00e9clenche des processus suppl\u00e9mentaires sur le plan des projets en mati\u00e8re de d\u00e9veloppement du contenu canadien (DCC) et de l\u2019examen des exigences en mati\u00e8re de contenu canadien. De plus, le Conseil a choisi de remettre des aspects importants de la d\u00e9cision et d\u2019en faire l\u2019objet d\u2019instances qui auront lieu plus tard, et ce sans fournir de calendrier.<\/p>\n<p>La d\u00e9cision rendue aujourd\u2019hui met plus fortement l\u2019accent sur l\u2019appui aux artistes canadiens. Bien que ce soit l\u00e0 un objectif louable, et signalons que la radio canadienne les aide \u00e0 r\u00e9ussir par de nombreux moyens, notre capacit\u00e9 \u00e0 continuer de le faire d\u00e9pend de la bonne sant\u00e9 et de la viabilit\u00e9 du secteur de la radio. Selon les r\u00e9sultats obtenus par le CRTC lui-m\u00eame, le secteur de la radio a \u00e9prouv\u00e9 une baisse consid\u00e9rable de ses revenus pendant les six derni\u00e8res ann\u00e9es avec, en plus, une chute abrupte en raison de la COVID. De nombreuses stations sont d\u00e9ficitaires et les propri\u00e9taires des services de radio attendaient la d\u00e9cision du CRTC pour d\u00e9cider s\u2019ils fermeraient leurs portes.<\/p>\n<p>En bonne sant\u00e9, le secteur de la radio appuie en soi les objectifs de la politique sur la radiodiffusion, comme il le fait d\u2019ailleurs depuis des d\u00e9cennies. Il est donc malheureux de constater que les services de radio commerciale aient \u00e9t\u00e9 pris en compte qu\u2019apr\u00e8s coup.<\/p>\n<p>Les services canadiens de radio commerciale font partie int\u00e9grante des communaut\u00e9s \u00e0 travers le pays. Mais, ils font face \u00e0 des d\u00e9fis de taille, notamment la baisse des recettes publicitaires aggrav\u00e9e par la pand\u00e9mie et le ralentissement de l\u2019\u00e9conomie. Pendant les six derni\u00e8res ann\u00e9es, le total des revenus de la radio commerciale au Canada a baiss\u00e9 de plus d\u2019un demi-milliard de dollars. Une grande part de cette somme est all\u00e9e \u00e0 des plateformes num\u00e9riques \u00e9trang\u00e8res de tr\u00e8s grande taille. Selon une analyse effectu\u00e9e par Communications Management Inc. (CMI), 188 stations de radio \u00e0 travers le Canada sont en danger avec un b\u00e9n\u00e9fice avant int\u00e9r\u00eats et imp\u00f4ts (BAII) de -20 pourcent ou plus. Plusieurs de ces stations attendaient que cette d\u00e9cision leur apporte un moyen de secours. Or, il ne s\u2019est pas concr\u00e9tis\u00e9.<\/p>\n<p>\u00c0 l\u2019heure o\u00f9 le march\u00e9 de l\u2019\u00e9coute audio regorge de choix non r\u00e9glement\u00e9s, le Conseil doit changer de voie pour assurer la viabilit\u00e9 du secteur \u00e0 l\u2019avenir. Dans l\u2019esprit de notre <a href=\"https:\/\/www.cab-acr.ca\/wp-content\/uploads\/2022\/03\/CAB-Intervention.pdf\">m\u00e9moire<\/a> (disponible en anglais seulement) pr\u00e9sent\u00e9 dans le cadre de l\u2019examen de la politique, des mesures suppl\u00e9mentaires auraient pu et d\u00fb \u00eatre prises pour s\u2019assurer que les services de radio commerciale puissent continuer \u00e0 faire ce qu\u2019ils font le mieux : informer, divertir et relier les Canadiens.<\/p>\n","protected":false},"excerpt":{"rendered":"<p>La d\u00e9cision, rendue publique aujourd\u2019hui, par le Conseil de la radiodiffusion et des t\u00e9l\u00e9communications canadiennes (CRTC) concernant l\u2019examen qu\u2019il a effectu\u00e9 de la politique sur la radio commerciale est une profonde d\u00e9ception et une occasion manqu\u00e9e d\u2019aider \u00e0 assurer la viabilit\u00e9 de la radio au Canada \u00e0 l\u2019avenir. En tant que porte-parole national des radiodiffuseurs [&hellip;]<\/p>\n","protected":false},"author":6,"featured_media":2508,"comment_status":"closed","ping_status":"open","sticky":false,"template":"","format":"standard","meta":{"_acf_changed":false,"_genesis_hide_title":false,"_genesis_hide_breadcrumbs":false,"_genesis_hide_singular_image":false,"_genesis_hide_footer_widgets":false,"_genesis_custom_body_class":"","_genesis_custom_post_class":"","_genesis_layout":"","footnotes":""},"categories":[82],"tags":[377,375,376,180],"class_list":{"0":"post-2509","1":"post","2":"type-post","3":"status-publish","4":"format-standard","5":"has-post-thumbnail","7":"category-nouvelles-du-secteur","8":"tag-crtc-2","9":"tag-radio-2","10":"tag-radio-commerciale","11":"tag-radiodiffusion-canadienne","12":"entry"},"acf":[],"yoast_head":"<!-- This site is optimized with the Yoast SEO plugin v27.5 - https:\/\/yoast.com\/product\/yoast-seo-wordpress\/ -->\n<title>R\u00e9glementation r\u00e9trograde : la politique mise \u00e0 jour du CRTC sur la radio commerciale - Association canadienne des radiodiffuseurs<\/title>\n<meta name=\"description\" content=\"La d\u00e9cision, rendue publique aujourd\u2019hui, par le Conseil de la radiodiffusion et des t\u00e9l\u00e9communications canadiennes (CRTC) concernant l\u2019examen qu\u2019il a effectu\u00e9 de la politique sur la radio commerciale est une profonde d\u00e9ception et une occasion manqu\u00e9e d\u2019aider \u00e0 assurer la viabilit\u00e9 de la radio au Canada \u00e0 l\u2019avenir.\" \/>\n<meta name=\"robots\" content=\"index, follow, max-snippet:-1, max-image-preview:large, max-video-preview:-1\" \/>\n<link rel=\"canonical\" href=\"https:\/\/www.cab-acr.ca\/fr\/reglementation-retrograde-la-politique-mise-a-jour-du-crtc-sur-la-radio-commerciale\/\" \/>\n<meta property=\"og:locale\" content=\"fr_FR\" \/>\n<meta property=\"og:type\" content=\"article\" \/>\n<meta property=\"og:title\" content=\"R\u00e9glementation r\u00e9trograde : la politique mise \u00e0 jour du CRTC sur la radio commerciale - Association canadienne des radiodiffuseurs\" \/>\n<meta property=\"og:description\" content=\"La d\u00e9cision, rendue publique aujourd\u2019hui, par le Conseil de la radiodiffusion et des t\u00e9l\u00e9communications canadiennes (CRTC) concernant l\u2019examen qu\u2019il a effectu\u00e9 de la politique sur la radio commerciale est une profonde d\u00e9ception et une occasion manqu\u00e9e d\u2019aider \u00e0 assurer la viabilit\u00e9 de la radio au Canada \u00e0 l\u2019avenir.\" \/>\n<meta property=\"og:url\" content=\"https:\/\/www.cab-acr.ca\/fr\/reglementation-retrograde-la-politique-mise-a-jour-du-crtc-sur-la-radio-commerciale\/\" \/>\n<meta property=\"og:site_name\" content=\"Association canadienne des radiodiffuseurs\" \/>\n<meta property=\"article:published_time\" content=\"2022-12-07T22:38:14+00:00\" \/>\n<meta property=\"article:modified_time\" content=\"2022-12-08T14:28:03+00:00\" \/>\n<meta property=\"og:image\" content=\"https:\/\/www.cab-acr.ca\/wp-content\/uploads\/2022\/12\/kelly-sikkema-X-etICbUKec-unsplash-scaled.jpg\" \/>\n\t<meta property=\"og:image:width\" content=\"2560\" \/>\n\t<meta property=\"og:image:height\" content=\"1798\" \/>\n\t<meta property=\"og:image:type\" content=\"image\/jpeg\" \/>\n<meta name=\"author\" content=\"Lesley\" \/>\n<meta name=\"twitter:card\" content=\"summary_large_image\" \/>\n<meta name=\"twitter:image\" content=\"https:\/\/www.cab-acr.ca\/wp-content\/uploads\/2022\/12\/kelly-sikkema-X-etICbUKec-unsplash-scaled.jpg\" \/>\n<meta name=\"twitter:label1\" content=\"\u00c9crit par\" \/>\n\t<meta name=\"twitter:data1\" content=\"Lesley\" \/>\n\t<meta name=\"twitter:label2\" content=\"Dur\u00e9e de lecture estim\u00e9e\" \/>\n\t<meta name=\"twitter:data2\" content=\"4 minutes\" \/>\n<script type=\"application\/ld+json\" class=\"yoast-schema-graph\">{\"@context\":\"https:\\\/\\\/schema.org\",\"@graph\":[{\"@type\":\"Article\",\"@id\":\"https:\\\/\\\/www.cab-acr.ca\\\/fr\\\/reglementation-retrograde-la-politique-mise-a-jour-du-crtc-sur-la-radio-commerciale\\\/#article\",\"isPartOf\":{\"@id\":\"https:\\\/\\\/www.cab-acr.ca\\\/fr\\\/reglementation-retrograde-la-politique-mise-a-jour-du-crtc-sur-la-radio-commerciale\\\/\"},\"author\":{\"name\":\"Lesley\",\"@id\":\"https:\\\/\\\/www.cab-acr.ca\\\/fr\\\/#\\\/schema\\\/person\\\/fb4235c3bd348974bb0b3c427c12fbd7\"},\"headline\":\"R\u00e9glementation r\u00e9trograde : la politique mise \u00e0 jour du CRTC sur la radio commerciale\",\"datePublished\":\"2022-12-07T22:38:14+00:00\",\"dateModified\":\"2022-12-08T14:28:03+00:00\",\"mainEntityOfPage\":{\"@id\":\"https:\\\/\\\/www.cab-acr.ca\\\/fr\\\/reglementation-retrograde-la-politique-mise-a-jour-du-crtc-sur-la-radio-commerciale\\\/\"},\"wordCount\":833,\"image\":{\"@id\":\"https:\\\/\\\/www.cab-acr.ca\\\/fr\\\/reglementation-retrograde-la-politique-mise-a-jour-du-crtc-sur-la-radio-commerciale\\\/#primaryimage\"},\"thumbnailUrl\":\"https:\\\/\\\/www.cab-acr.ca\\\/wp-content\\\/uploads\\\/2022\\\/12\\\/kelly-sikkema-X-etICbUKec-unsplash-scaled.jpg\",\"keywords\":[\"CRTC\",\"Radio\",\"Radio commerciale\",\"Radiodiffusion canadienne\"],\"articleSection\":[\"Nouvelles du secteur\"],\"inLanguage\":\"fr-FR\"},{\"@type\":\"WebPage\",\"@id\":\"https:\\\/\\\/www.cab-acr.ca\\\/fr\\\/reglementation-retrograde-la-politique-mise-a-jour-du-crtc-sur-la-radio-commerciale\\\/\",\"url\":\"https:\\\/\\\/www.cab-acr.ca\\\/fr\\\/reglementation-retrograde-la-politique-mise-a-jour-du-crtc-sur-la-radio-commerciale\\\/\",\"name\":\"R\u00e9glementation r\u00e9trograde : la politique mise \u00e0 jour du CRTC sur la radio commerciale - Association canadienne des radiodiffuseurs\",\"isPartOf\":{\"@id\":\"https:\\\/\\\/www.cab-acr.ca\\\/fr\\\/#website\"},\"primaryImageOfPage\":{\"@id\":\"https:\\\/\\\/www.cab-acr.ca\\\/fr\\\/reglementation-retrograde-la-politique-mise-a-jour-du-crtc-sur-la-radio-commerciale\\\/#primaryimage\"},\"image\":{\"@id\":\"https:\\\/\\\/www.cab-acr.ca\\\/fr\\\/reglementation-retrograde-la-politique-mise-a-jour-du-crtc-sur-la-radio-commerciale\\\/#primaryimage\"},\"thumbnailUrl\":\"https:\\\/\\\/www.cab-acr.ca\\\/wp-content\\\/uploads\\\/2022\\\/12\\\/kelly-sikkema-X-etICbUKec-unsplash-scaled.jpg\",\"datePublished\":\"2022-12-07T22:38:14+00:00\",\"dateModified\":\"2022-12-08T14:28:03+00:00\",\"author\":{\"@id\":\"https:\\\/\\\/www.cab-acr.ca\\\/fr\\\/#\\\/schema\\\/person\\\/fb4235c3bd348974bb0b3c427c12fbd7\"},\"description\":\"La d\u00e9cision, rendue publique aujourd\u2019hui, par le Conseil de la radiodiffusion et des t\u00e9l\u00e9communications canadiennes (CRTC) concernant l\u2019examen qu\u2019il a effectu\u00e9 de la politique sur la radio commerciale est une profonde d\u00e9ception et une occasion manqu\u00e9e d\u2019aider \u00e0 assurer la viabilit\u00e9 de la radio au Canada \u00e0 l\u2019avenir.\",\"breadcrumb\":{\"@id\":\"https:\\\/\\\/www.cab-acr.ca\\\/fr\\\/reglementation-retrograde-la-politique-mise-a-jour-du-crtc-sur-la-radio-commerciale\\\/#breadcrumb\"},\"inLanguage\":\"fr-FR\",\"potentialAction\":[{\"@type\":\"ReadAction\",\"target\":[\"https:\\\/\\\/www.cab-acr.ca\\\/fr\\\/reglementation-retrograde-la-politique-mise-a-jour-du-crtc-sur-la-radio-commerciale\\\/\"]}]},{\"@type\":\"ImageObject\",\"inLanguage\":\"fr-FR\",\"@id\":\"https:\\\/\\\/www.cab-acr.ca\\\/fr\\\/reglementation-retrograde-la-politique-mise-a-jour-du-crtc-sur-la-radio-commerciale\\\/#primaryimage\",\"url\":\"https:\\\/\\\/www.cab-acr.ca\\\/wp-content\\\/uploads\\\/2022\\\/12\\\/kelly-sikkema-X-etICbUKec-unsplash-scaled.jpg\",\"contentUrl\":\"https:\\\/\\\/www.cab-acr.ca\\\/wp-content\\\/uploads\\\/2022\\\/12\\\/kelly-sikkema-X-etICbUKec-unsplash-scaled.jpg\",\"width\":2560,\"height\":1798},{\"@type\":\"BreadcrumbList\",\"@id\":\"https:\\\/\\\/www.cab-acr.ca\\\/fr\\\/reglementation-retrograde-la-politique-mise-a-jour-du-crtc-sur-la-radio-commerciale\\\/#breadcrumb\",\"itemListElement\":[{\"@type\":\"ListItem\",\"position\":1,\"name\":\"Home\",\"item\":\"https:\\\/\\\/www.cab-acr.ca\\\/fr\\\/\"},{\"@type\":\"ListItem\",\"position\":2,\"name\":\"R\u00e9glementation r\u00e9trograde : la politique mise \u00e0 jour du CRTC sur la radio commerciale\"}]},{\"@type\":\"WebSite\",\"@id\":\"https:\\\/\\\/www.cab-acr.ca\\\/fr\\\/#website\",\"url\":\"https:\\\/\\\/www.cab-acr.ca\\\/fr\\\/\",\"name\":\"Association canadienne des radiodiffuseurs\",\"description\":\"ACR\",\"potentialAction\":[{\"@type\":\"SearchAction\",\"target\":{\"@type\":\"EntryPoint\",\"urlTemplate\":\"https:\\\/\\\/www.cab-acr.ca\\\/fr\\\/?s={search_term_string}\"},\"query-input\":{\"@type\":\"PropertyValueSpecification\",\"valueRequired\":true,\"valueName\":\"search_term_string\"}}],\"inLanguage\":\"fr-FR\"},{\"@type\":\"Person\",\"@id\":\"https:\\\/\\\/www.cab-acr.ca\\\/fr\\\/#\\\/schema\\\/person\\\/fb4235c3bd348974bb0b3c427c12fbd7\",\"name\":\"Lesley\",\"image\":{\"@type\":\"ImageObject\",\"inLanguage\":\"fr-FR\",\"@id\":\"https:\\\/\\\/secure.gravatar.com\\\/avatar\\\/b7e6e40b1e26090f962df3243a4720b85aa9a190902e9cd87a6fd1d22db31c69?s=96&d=mm&r=g\",\"url\":\"https:\\\/\\\/secure.gravatar.com\\\/avatar\\\/b7e6e40b1e26090f962df3243a4720b85aa9a190902e9cd87a6fd1d22db31c69?s=96&d=mm&r=g\",\"contentUrl\":\"https:\\\/\\\/secure.gravatar.com\\\/avatar\\\/b7e6e40b1e26090f962df3243a4720b85aa9a190902e9cd87a6fd1d22db31c69?s=96&d=mm&r=g\",\"caption\":\"Lesley\"},\"url\":\"https:\\\/\\\/www.cab-acr.ca\\\/fr\\\/author\\\/lesley\\\/\"}]}<\/script>\n<!-- \/ Yoast SEO plugin. -->","yoast_head_json":{"title":"R\u00e9glementation r\u00e9trograde : la politique mise \u00e0 jour du CRTC sur la radio commerciale - Association canadienne des radiodiffuseurs","description":"La d\u00e9cision, rendue publique aujourd\u2019hui, par le Conseil de la radiodiffusion et des t\u00e9l\u00e9communications canadiennes (CRTC) concernant l\u2019examen qu\u2019il a effectu\u00e9 de la politique sur la radio commerciale est une profonde d\u00e9ception et une occasion manqu\u00e9e d\u2019aider \u00e0 assurer la viabilit\u00e9 de la radio au Canada \u00e0 l\u2019avenir.","robots":{"index":"index","follow":"follow","max-snippet":"max-snippet:-1","max-image-preview":"max-image-preview:large","max-video-preview":"max-video-preview:-1"},"canonical":"https:\/\/www.cab-acr.ca\/fr\/reglementation-retrograde-la-politique-mise-a-jour-du-crtc-sur-la-radio-commerciale\/","og_locale":"fr_FR","og_type":"article","og_title":"R\u00e9glementation r\u00e9trograde : la politique mise \u00e0 jour du CRTC sur la radio commerciale - Association canadienne des radiodiffuseurs","og_description":"La d\u00e9cision, rendue publique aujourd\u2019hui, par le Conseil de la radiodiffusion et des t\u00e9l\u00e9communications canadiennes (CRTC) concernant l\u2019examen qu\u2019il a effectu\u00e9 de la politique sur la radio commerciale est une profonde d\u00e9ception et une occasion manqu\u00e9e d\u2019aider \u00e0 assurer la viabilit\u00e9 de la radio au Canada \u00e0 l\u2019avenir.","og_url":"https:\/\/www.cab-acr.ca\/fr\/reglementation-retrograde-la-politique-mise-a-jour-du-crtc-sur-la-radio-commerciale\/","og_site_name":"Association canadienne des radiodiffuseurs","article_published_time":"2022-12-07T22:38:14+00:00","article_modified_time":"2022-12-08T14:28:03+00:00","og_image":[{"width":2560,"height":1798,"url":"https:\/\/www.cab-acr.ca\/wp-content\/uploads\/2022\/12\/kelly-sikkema-X-etICbUKec-unsplash-scaled.jpg","type":"image\/jpeg"}],"author":"Lesley","twitter_card":"summary_large_image","twitter_image":"https:\/\/www.cab-acr.ca\/wp-content\/uploads\/2022\/12\/kelly-sikkema-X-etICbUKec-unsplash-scaled.jpg","twitter_misc":{"\u00c9crit par":"Lesley","Dur\u00e9e de lecture estim\u00e9e":"4 minutes"},"schema":{"@context":"https:\/\/schema.org","@graph":[{"@type":"Article","@id":"https:\/\/www.cab-acr.ca\/fr\/reglementation-retrograde-la-politique-mise-a-jour-du-crtc-sur-la-radio-commerciale\/#article","isPartOf":{"@id":"https:\/\/www.cab-acr.ca\/fr\/reglementation-retrograde-la-politique-mise-a-jour-du-crtc-sur-la-radio-commerciale\/"},"author":{"name":"Lesley","@id":"https:\/\/www.cab-acr.ca\/fr\/#\/schema\/person\/fb4235c3bd348974bb0b3c427c12fbd7"},"headline":"R\u00e9glementation r\u00e9trograde : la politique mise \u00e0 jour du CRTC sur la radio commerciale","datePublished":"2022-12-07T22:38:14+00:00","dateModified":"2022-12-08T14:28:03+00:00","mainEntityOfPage":{"@id":"https:\/\/www.cab-acr.ca\/fr\/reglementation-retrograde-la-politique-mise-a-jour-du-crtc-sur-la-radio-commerciale\/"},"wordCount":833,"image":{"@id":"https:\/\/www.cab-acr.ca\/fr\/reglementation-retrograde-la-politique-mise-a-jour-du-crtc-sur-la-radio-commerciale\/#primaryimage"},"thumbnailUrl":"https:\/\/www.cab-acr.ca\/wp-content\/uploads\/2022\/12\/kelly-sikkema-X-etICbUKec-unsplash-scaled.jpg","keywords":["CRTC","Radio","Radio commerciale","Radiodiffusion canadienne"],"articleSection":["Nouvelles du secteur"],"inLanguage":"fr-FR"},{"@type":"WebPage","@id":"https:\/\/www.cab-acr.ca\/fr\/reglementation-retrograde-la-politique-mise-a-jour-du-crtc-sur-la-radio-commerciale\/","url":"https:\/\/www.cab-acr.ca\/fr\/reglementation-retrograde-la-politique-mise-a-jour-du-crtc-sur-la-radio-commerciale\/","name":"R\u00e9glementation r\u00e9trograde : la politique mise \u00e0 jour du CRTC sur la radio commerciale - Association canadienne des radiodiffuseurs","isPartOf":{"@id":"https:\/\/www.cab-acr.ca\/fr\/#website"},"primaryImageOfPage":{"@id":"https:\/\/www.cab-acr.ca\/fr\/reglementation-retrograde-la-politique-mise-a-jour-du-crtc-sur-la-radio-commerciale\/#primaryimage"},"image":{"@id":"https:\/\/www.cab-acr.ca\/fr\/reglementation-retrograde-la-politique-mise-a-jour-du-crtc-sur-la-radio-commerciale\/#primaryimage"},"thumbnailUrl":"https:\/\/www.cab-acr.ca\/wp-content\/uploads\/2022\/12\/kelly-sikkema-X-etICbUKec-unsplash-scaled.jpg","datePublished":"2022-12-07T22:38:14+00:00","dateModified":"2022-12-08T14:28:03+00:00","author":{"@id":"https:\/\/www.cab-acr.ca\/fr\/#\/schema\/person\/fb4235c3bd348974bb0b3c427c12fbd7"},"description":"La d\u00e9cision, rendue publique aujourd\u2019hui, par le Conseil de la radiodiffusion et des t\u00e9l\u00e9communications canadiennes (CRTC) concernant l\u2019examen qu\u2019il a effectu\u00e9 de la politique sur la radio commerciale est une profonde d\u00e9ception et une occasion manqu\u00e9e d\u2019aider \u00e0 assurer la viabilit\u00e9 de la radio au Canada \u00e0 l\u2019avenir.","breadcrumb":{"@id":"https:\/\/www.cab-acr.ca\/fr\/reglementation-retrograde-la-politique-mise-a-jour-du-crtc-sur-la-radio-commerciale\/#breadcrumb"},"inLanguage":"fr-FR","potentialAction":[{"@type":"ReadAction","target":["https:\/\/www.cab-acr.ca\/fr\/reglementation-retrograde-la-politique-mise-a-jour-du-crtc-sur-la-radio-commerciale\/"]}]},{"@type":"ImageObject","inLanguage":"fr-FR","@id":"https:\/\/www.cab-acr.ca\/fr\/reglementation-retrograde-la-politique-mise-a-jour-du-crtc-sur-la-radio-commerciale\/#primaryimage","url":"https:\/\/www.cab-acr.ca\/wp-content\/uploads\/2022\/12\/kelly-sikkema-X-etICbUKec-unsplash-scaled.jpg","contentUrl":"https:\/\/www.cab-acr.ca\/wp-content\/uploads\/2022\/12\/kelly-sikkema-X-etICbUKec-unsplash-scaled.jpg","width":2560,"height":1798},{"@type":"BreadcrumbList","@id":"https:\/\/www.cab-acr.ca\/fr\/reglementation-retrograde-la-politique-mise-a-jour-du-crtc-sur-la-radio-commerciale\/#breadcrumb","itemListElement":[{"@type":"ListItem","position":1,"name":"Home","item":"https:\/\/www.cab-acr.ca\/fr\/"},{"@type":"ListItem","position":2,"name":"R\u00e9glementation r\u00e9trograde : la politique mise \u00e0 jour du CRTC sur la radio commerciale"}]},{"@type":"WebSite","@id":"https:\/\/www.cab-acr.ca\/fr\/#website","url":"https:\/\/www.cab-acr.ca\/fr\/","name":"Association canadienne des radiodiffuseurs","description":"ACR","potentialAction":[{"@type":"SearchAction","target":{"@type":"EntryPoint","urlTemplate":"https:\/\/www.cab-acr.ca\/fr\/?s={search_term_string}"},"query-input":{"@type":"PropertyValueSpecification","valueRequired":true,"valueName":"search_term_string"}}],"inLanguage":"fr-FR"},{"@type":"Person","@id":"https:\/\/www.cab-acr.ca\/fr\/#\/schema\/person\/fb4235c3bd348974bb0b3c427c12fbd7","name":"Lesley","image":{"@type":"ImageObject","inLanguage":"fr-FR","@id":"https:\/\/secure.gravatar.com\/avatar\/b7e6e40b1e26090f962df3243a4720b85aa9a190902e9cd87a6fd1d22db31c69?s=96&d=mm&r=g","url":"https:\/\/secure.gravatar.com\/avatar\/b7e6e40b1e26090f962df3243a4720b85aa9a190902e9cd87a6fd1d22db31c69?s=96&d=mm&r=g","contentUrl":"https:\/\/secure.gravatar.com\/avatar\/b7e6e40b1e26090f962df3243a4720b85aa9a190902e9cd87a6fd1d22db31c69?s=96&d=mm&r=g","caption":"Lesley"},"url":"https:\/\/www.cab-acr.ca\/fr\/author\/lesley\/"}]}},"_links":{"self":[{"href":"https:\/\/www.cab-acr.ca\/fr\/wp-json\/wp\/v2\/posts\/2509","targetHints":{"allow":["GET"]}}],"collection":[{"href":"https:\/\/www.cab-acr.ca\/fr\/wp-json\/wp\/v2\/posts"}],"about":[{"href":"https:\/\/www.cab-acr.ca\/fr\/wp-json\/wp\/v2\/types\/post"}],"author":[{"embeddable":true,"href":"https:\/\/www.cab-acr.ca\/fr\/wp-json\/wp\/v2\/users\/6"}],"replies":[{"embeddable":true,"href":"https:\/\/www.cab-acr.ca\/fr\/wp-json\/wp\/v2\/comments?post=2509"}],"version-history":[{"count":0,"href":"https:\/\/www.cab-acr.ca\/fr\/wp-json\/wp\/v2\/posts\/2509\/revisions"}],"wp:featuredmedia":[{"embeddable":true,"href":"https:\/\/www.cab-acr.ca\/fr\/wp-json\/wp\/v2\/media\/2508"}],"wp:attachment":[{"href":"https:\/\/www.cab-acr.ca\/fr\/wp-json\/wp\/v2\/media?parent=2509"}],"wp:term":[{"taxonomy":"category","embeddable":true,"href":"https:\/\/www.cab-acr.ca\/fr\/wp-json\/wp\/v2\/categories?post=2509"},{"taxonomy":"post_tag","embeddable":true,"href":"https:\/\/www.cab-acr.ca\/fr\/wp-json\/wp\/v2\/tags?post=2509"}],"curies":[{"name":"wp","href":"https:\/\/api.w.org\/{rel}","templated":true}]}}