{"id":2294,"date":"2022-04-05T20:11:13","date_gmt":"2022-04-05T20:11:13","guid":{"rendered":"https:\/\/cab-acr.ca\/?p=2294"},"modified":"2022-08-16T19:18:27","modified_gmt":"2022-08-16T19:18:27","slug":"le-projet-de-loi-c-18","status":"publish","type":"post","link":"https:\/\/www.cab-acr.ca\/fr\/le-projet-de-loi-c-18\/","title":{"rendered":"Le projet de loi C-18\u00a0: Loi sur les nouvelles en ligne"},"content":{"rendered":"<p>Le projet de loi C-18\u00a0: <a href=\"https:\/\/www.canada.ca\/fr\/patrimoine-canadien\/services\/nouvelles-en-ligne.html\" target=\"_blank\" rel=\"noopener\">Loi sur les nouvelles en ligne<\/a>, a \u00e9t\u00e9 d\u00e9pos\u00e9e par l\u2019honorable Pablo Rodriguez, ministre du Patrimoine canadien, ce matin \u00e0 la Chambre des communes.<\/p>\n<p>L\u2019objet de ce projet de loi est de r\u00e9gir les interm\u00e9diaires de nouvelles num\u00e9riques en vue d\u2019accro\u00eetre l\u2019\u00e9quit\u00e9 au sein du march\u00e9 canadien des nouvelles num\u00e9riques et de contribuer \u00e0 la viabilit\u00e9 de celui-ci, notamment en contribuant \u00e0 la viabilit\u00e9 des entreprises de nouvelles locales et ind\u00e9pendantes.<\/p>\n<p>Bien que nous sommes en train d\u2019examiner les d\u00e9tails de la l\u00e9gislation, l\u2019Association canadienne des radiodiffuseurs salue l\u2019introduction de loi C-18, qui constitue une \u00e9tape importante vers la reconnaissance de la valeur du contenu des actualit\u00e9s radiodiffus\u00e9es et l\u2019\u00e9tablissement d\u2019un cadre pour des n\u00e9gociations \u00e9quitables entre les organismes de presse, et les plateformes en ligne.<\/p>\n<p>Une presse saine et ind\u00e9pendant est un principe fondamental de la d\u00e9mocratie canadienne. La r\u00e9mun\u00e9ration juste et \u00e9quitable des radiodiffuseurs pour l\u2019utilisation et l\u2019exploitation de leur contenu de nouvelles est es un \u00e9l\u00e9ment essentiel pour s&rsquo;assurer que les radiodiffuseurs peuvent continuer \u00e0 financer durablement la collecte de nouvelles et \u00e0 fournir aux Canadiens des nouvelles et des informations qui informent les citoyens et soutiennent nos institutions d\u00e9mocratiques.<\/p>\n<p>L&rsquo;ACR remercie le ministre Rodriguez et les fonctionnaires du minist\u00e8re du Patrimoine canadien pour leur travail en vue de l&rsquo;introduction de ce projet de loi. Nous sommes impatients de travailler avec tous les membres du parlement au cours des prochaines semaines et continuerons de d\u00e9fendre les int\u00e9r\u00eats des radiodiffuseurs canadiens au fur et \u00e0 mesure que le projet de loi progresse dans le processus l\u00e9gislatif.<\/p>\n<p>Pour en savoir plus sur la <em>Loi sur les nouvelles en ligne<\/em>, visitez le site\u00a0: <a href=\"https:\/\/www.canada.ca\/fr\/patrimoine-canadien\/services\/nouvelles-en-ligne.html\" target=\"_blank\" rel=\"noopener\">https:\/\/www.canada.ca\/fr\/patrimoine-canadien\/services\/nouvelles-en-ligne.html<\/a><\/p>\n","protected":false},"excerpt":{"rendered":"<p>Le projet de loi C-18\u00a0: Loi sur les nouvelles en ligne, a \u00e9t\u00e9 d\u00e9pos\u00e9e par l\u2019honorable Pablo Rodriguez, ministre du Patrimoine canadien, ce matin \u00e0 la Chambre des communes. L\u2019objet de ce projet de loi est de r\u00e9gir les interm\u00e9diaires de nouvelles num\u00e9riques en vue d\u2019accro\u00eetre l\u2019\u00e9quit\u00e9 au sein du march\u00e9 canadien des nouvelles num\u00e9riques [&hellip;]<\/p>\n","protected":false},"author":6,"featured_media":2293,"comment_status":"closed","ping_status":"open","sticky":false,"template":"","format":"standard","meta":{"_acf_changed":false,"_genesis_hide_title":false,"_genesis_hide_breadcrumbs":false,"_genesis_hide_singular_image":false,"_genesis_hide_footer_widgets":false,"_genesis_custom_body_class":"","_genesis_custom_post_class":"","_genesis_layout":"","footnotes":""},"categories":[42],"tags":[152,180],"class_list":{"0":"post-2294","1":"post","2":"type-post","3":"status-publish","4":"format-standard","5":"has-post-thumbnail","7":"category-non-classifiee","8":"tag-c-18","9":"tag-radiodiffusion-canadienne","10":"entry"},"acf":[],"yoast_head":"<!-- This site is optimized with the Yoast SEO plugin v27.5 - https:\/\/yoast.com\/product\/yoast-seo-wordpress\/ -->\n<title>Le projet de loi C-18\u00a0: Loi sur les nouvelles en ligne - Association canadienne des radiodiffuseurs<\/title>\n<meta name=\"description\" content=\"Le projet de loi C-18\u00a0: Loi sur les nouvelles en ligne, a \u00e9t\u00e9 d\u00e9pos\u00e9e par l\u2019honorable Pablo Rodriguez, ministre du Patrimoine canadien, ce matin \u00e0 la Chambre des communes.\" \/>\n<meta name=\"robots\" content=\"index, follow, max-snippet:-1, max-image-preview:large, max-video-preview:-1\" \/>\n<link rel=\"canonical\" href=\"https:\/\/www.cab-acr.ca\/fr\/le-projet-de-loi-c-18\/\" \/>\n<meta property=\"og:locale\" content=\"fr_FR\" \/>\n<meta property=\"og:type\" content=\"article\" \/>\n<meta property=\"og:title\" content=\"Le projet de loi C-18\u00a0: Loi sur les nouvelles en ligne - Association canadienne des radiodiffuseurs\" \/>\n<meta property=\"og:description\" content=\"Le projet de loi C-18\u00a0: Loi sur les nouvelles en ligne, a \u00e9t\u00e9 d\u00e9pos\u00e9e par l\u2019honorable Pablo Rodriguez, ministre du Patrimoine canadien, ce matin \u00e0 la Chambre des communes.\" \/>\n<meta property=\"og:url\" content=\"https:\/\/www.cab-acr.ca\/fr\/le-projet-de-loi-c-18\/\" \/>\n<meta property=\"og:site_name\" content=\"Association canadienne des radiodiffuseurs\" \/>\n<meta property=\"article:published_time\" content=\"2022-04-05T20:11:13+00:00\" \/>\n<meta property=\"article:modified_time\" content=\"2022-08-16T19:18:27+00:00\" \/>\n<meta property=\"og:image\" content=\"https:\/\/www.cab-acr.ca\/wp-content\/uploads\/2022\/04\/pexels-kaboompics-com-6335-scaled.jpg\" \/>\n\t<meta property=\"og:image:width\" content=\"2560\" \/>\n\t<meta property=\"og:image:height\" content=\"1707\" \/>\n\t<meta property=\"og:image:type\" content=\"image\/jpeg\" \/>\n<meta name=\"author\" content=\"Lesley\" \/>\n<meta name=\"twitter:card\" content=\"summary_large_image\" \/>\n<meta name=\"twitter:label1\" content=\"\u00c9crit par\" \/>\n\t<meta name=\"twitter:data1\" content=\"Lesley\" \/>\n\t<meta name=\"twitter:label2\" content=\"Dur\u00e9e de lecture estim\u00e9e\" \/>\n\t<meta name=\"twitter:data2\" content=\"2 minutes\" \/>\n<script type=\"application\/ld+json\" class=\"yoast-schema-graph\">{\"@context\":\"https:\\\/\\\/schema.org\",\"@graph\":[{\"@type\":\"Article\",\"@id\":\"https:\\\/\\\/www.cab-acr.ca\\\/fr\\\/le-projet-de-loi-c-18\\\/#article\",\"isPartOf\":{\"@id\":\"https:\\\/\\\/www.cab-acr.ca\\\/fr\\\/le-projet-de-loi-c-18\\\/\"},\"author\":{\"name\":\"Lesley\",\"@id\":\"https:\\\/\\\/www.cab-acr.ca\\\/fr\\\/#\\\/schema\\\/person\\\/fb4235c3bd348974bb0b3c427c12fbd7\"},\"headline\":\"Le projet de loi C-18\u00a0: Loi sur les nouvelles en ligne\",\"datePublished\":\"2022-04-05T20:11:13+00:00\",\"dateModified\":\"2022-08-16T19:18:27+00:00\",\"mainEntityOfPage\":{\"@id\":\"https:\\\/\\\/www.cab-acr.ca\\\/fr\\\/le-projet-de-loi-c-18\\\/\"},\"wordCount\":330,\"image\":{\"@id\":\"https:\\\/\\\/www.cab-acr.ca\\\/fr\\\/le-projet-de-loi-c-18\\\/#primaryimage\"},\"thumbnailUrl\":\"https:\\\/\\\/www.cab-acr.ca\\\/wp-content\\\/uploads\\\/2022\\\/04\\\/pexels-kaboompics-com-6335-scaled.jpg\",\"keywords\":[\"C-18\",\"Radiodiffusion canadienne\"],\"articleSection\":[\"Non classifi\u00e9(e)\"],\"inLanguage\":\"fr-FR\"},{\"@type\":\"WebPage\",\"@id\":\"https:\\\/\\\/www.cab-acr.ca\\\/fr\\\/le-projet-de-loi-c-18\\\/\",\"url\":\"https:\\\/\\\/www.cab-acr.ca\\\/fr\\\/le-projet-de-loi-c-18\\\/\",\"name\":\"Le projet de loi C-18\u00a0: Loi sur les nouvelles en ligne - Association canadienne des radiodiffuseurs\",\"isPartOf\":{\"@id\":\"https:\\\/\\\/www.cab-acr.ca\\\/fr\\\/#website\"},\"primaryImageOfPage\":{\"@id\":\"https:\\\/\\\/www.cab-acr.ca\\\/fr\\\/le-projet-de-loi-c-18\\\/#primaryimage\"},\"image\":{\"@id\":\"https:\\\/\\\/www.cab-acr.ca\\\/fr\\\/le-projet-de-loi-c-18\\\/#primaryimage\"},\"thumbnailUrl\":\"https:\\\/\\\/www.cab-acr.ca\\\/wp-content\\\/uploads\\\/2022\\\/04\\\/pexels-kaboompics-com-6335-scaled.jpg\",\"datePublished\":\"2022-04-05T20:11:13+00:00\",\"dateModified\":\"2022-08-16T19:18:27+00:00\",\"author\":{\"@id\":\"https:\\\/\\\/www.cab-acr.ca\\\/fr\\\/#\\\/schema\\\/person\\\/fb4235c3bd348974bb0b3c427c12fbd7\"},\"description\":\"Le projet de loi C-18\u00a0: Loi sur les nouvelles en ligne, a \u00e9t\u00e9 d\u00e9pos\u00e9e par l\u2019honorable Pablo Rodriguez, ministre du Patrimoine canadien, ce matin \u00e0 la Chambre des communes.\",\"breadcrumb\":{\"@id\":\"https:\\\/\\\/www.cab-acr.ca\\\/fr\\\/le-projet-de-loi-c-18\\\/#breadcrumb\"},\"inLanguage\":\"fr-FR\",\"potentialAction\":[{\"@type\":\"ReadAction\",\"target\":[\"https:\\\/\\\/www.cab-acr.ca\\\/fr\\\/le-projet-de-loi-c-18\\\/\"]}]},{\"@type\":\"ImageObject\",\"inLanguage\":\"fr-FR\",\"@id\":\"https:\\\/\\\/www.cab-acr.ca\\\/fr\\\/le-projet-de-loi-c-18\\\/#primaryimage\",\"url\":\"https:\\\/\\\/www.cab-acr.ca\\\/wp-content\\\/uploads\\\/2022\\\/04\\\/pexels-kaboompics-com-6335-scaled.jpg\",\"contentUrl\":\"https:\\\/\\\/www.cab-acr.ca\\\/wp-content\\\/uploads\\\/2022\\\/04\\\/pexels-kaboompics-com-6335-scaled.jpg\",\"width\":2560,\"height\":1707},{\"@type\":\"BreadcrumbList\",\"@id\":\"https:\\\/\\\/www.cab-acr.ca\\\/fr\\\/le-projet-de-loi-c-18\\\/#breadcrumb\",\"itemListElement\":[{\"@type\":\"ListItem\",\"position\":1,\"name\":\"Home\",\"item\":\"https:\\\/\\\/www.cab-acr.ca\\\/fr\\\/\"},{\"@type\":\"ListItem\",\"position\":2,\"name\":\"Le projet de loi C-18\u00a0: Loi sur les nouvelles en ligne\"}]},{\"@type\":\"WebSite\",\"@id\":\"https:\\\/\\\/www.cab-acr.ca\\\/fr\\\/#website\",\"url\":\"https:\\\/\\\/www.cab-acr.ca\\\/fr\\\/\",\"name\":\"Association canadienne des radiodiffuseurs\",\"description\":\"ACR\",\"potentialAction\":[{\"@type\":\"SearchAction\",\"target\":{\"@type\":\"EntryPoint\",\"urlTemplate\":\"https:\\\/\\\/www.cab-acr.ca\\\/fr\\\/?s={search_term_string}\"},\"query-input\":{\"@type\":\"PropertyValueSpecification\",\"valueRequired\":true,\"valueName\":\"search_term_string\"}}],\"inLanguage\":\"fr-FR\"},{\"@type\":\"Person\",\"@id\":\"https:\\\/\\\/www.cab-acr.ca\\\/fr\\\/#\\\/schema\\\/person\\\/fb4235c3bd348974bb0b3c427c12fbd7\",\"name\":\"Lesley\",\"image\":{\"@type\":\"ImageObject\",\"inLanguage\":\"fr-FR\",\"@id\":\"https:\\\/\\\/secure.gravatar.com\\\/avatar\\\/b7e6e40b1e26090f962df3243a4720b85aa9a190902e9cd87a6fd1d22db31c69?s=96&d=mm&r=g\",\"url\":\"https:\\\/\\\/secure.gravatar.com\\\/avatar\\\/b7e6e40b1e26090f962df3243a4720b85aa9a190902e9cd87a6fd1d22db31c69?s=96&d=mm&r=g\",\"contentUrl\":\"https:\\\/\\\/secure.gravatar.com\\\/avatar\\\/b7e6e40b1e26090f962df3243a4720b85aa9a190902e9cd87a6fd1d22db31c69?s=96&d=mm&r=g\",\"caption\":\"Lesley\"},\"url\":\"https:\\\/\\\/www.cab-acr.ca\\\/fr\\\/author\\\/lesley\\\/\"}]}<\/script>\n<!-- \/ Yoast SEO plugin. -->","yoast_head_json":{"title":"Le projet de loi C-18\u00a0: Loi sur les nouvelles en ligne - Association canadienne des radiodiffuseurs","description":"Le projet de loi C-18\u00a0: Loi sur les nouvelles en ligne, a \u00e9t\u00e9 d\u00e9pos\u00e9e par l\u2019honorable Pablo Rodriguez, ministre du Patrimoine canadien, ce matin \u00e0 la Chambre des communes.","robots":{"index":"index","follow":"follow","max-snippet":"max-snippet:-1","max-image-preview":"max-image-preview:large","max-video-preview":"max-video-preview:-1"},"canonical":"https:\/\/www.cab-acr.ca\/fr\/le-projet-de-loi-c-18\/","og_locale":"fr_FR","og_type":"article","og_title":"Le projet de loi C-18\u00a0: Loi sur les nouvelles en ligne - Association canadienne des radiodiffuseurs","og_description":"Le projet de loi C-18\u00a0: Loi sur les nouvelles en ligne, a \u00e9t\u00e9 d\u00e9pos\u00e9e par l\u2019honorable Pablo Rodriguez, ministre du Patrimoine canadien, ce matin \u00e0 la Chambre des communes.","og_url":"https:\/\/www.cab-acr.ca\/fr\/le-projet-de-loi-c-18\/","og_site_name":"Association canadienne des radiodiffuseurs","article_published_time":"2022-04-05T20:11:13+00:00","article_modified_time":"2022-08-16T19:18:27+00:00","og_image":[{"width":2560,"height":1707,"url":"https:\/\/www.cab-acr.ca\/wp-content\/uploads\/2022\/04\/pexels-kaboompics-com-6335-scaled.jpg","type":"image\/jpeg"}],"author":"Lesley","twitter_card":"summary_large_image","twitter_misc":{"\u00c9crit par":"Lesley","Dur\u00e9e de lecture estim\u00e9e":"2 minutes"},"schema":{"@context":"https:\/\/schema.org","@graph":[{"@type":"Article","@id":"https:\/\/www.cab-acr.ca\/fr\/le-projet-de-loi-c-18\/#article","isPartOf":{"@id":"https:\/\/www.cab-acr.ca\/fr\/le-projet-de-loi-c-18\/"},"author":{"name":"Lesley","@id":"https:\/\/www.cab-acr.ca\/fr\/#\/schema\/person\/fb4235c3bd348974bb0b3c427c12fbd7"},"headline":"Le projet de loi C-18\u00a0: Loi sur les nouvelles en ligne","datePublished":"2022-04-05T20:11:13+00:00","dateModified":"2022-08-16T19:18:27+00:00","mainEntityOfPage":{"@id":"https:\/\/www.cab-acr.ca\/fr\/le-projet-de-loi-c-18\/"},"wordCount":330,"image":{"@id":"https:\/\/www.cab-acr.ca\/fr\/le-projet-de-loi-c-18\/#primaryimage"},"thumbnailUrl":"https:\/\/www.cab-acr.ca\/wp-content\/uploads\/2022\/04\/pexels-kaboompics-com-6335-scaled.jpg","keywords":["C-18","Radiodiffusion canadienne"],"articleSection":["Non classifi\u00e9(e)"],"inLanguage":"fr-FR"},{"@type":"WebPage","@id":"https:\/\/www.cab-acr.ca\/fr\/le-projet-de-loi-c-18\/","url":"https:\/\/www.cab-acr.ca\/fr\/le-projet-de-loi-c-18\/","name":"Le projet de loi C-18\u00a0: Loi sur les nouvelles en ligne - Association canadienne des radiodiffuseurs","isPartOf":{"@id":"https:\/\/www.cab-acr.ca\/fr\/#website"},"primaryImageOfPage":{"@id":"https:\/\/www.cab-acr.ca\/fr\/le-projet-de-loi-c-18\/#primaryimage"},"image":{"@id":"https:\/\/www.cab-acr.ca\/fr\/le-projet-de-loi-c-18\/#primaryimage"},"thumbnailUrl":"https:\/\/www.cab-acr.ca\/wp-content\/uploads\/2022\/04\/pexels-kaboompics-com-6335-scaled.jpg","datePublished":"2022-04-05T20:11:13+00:00","dateModified":"2022-08-16T19:18:27+00:00","author":{"@id":"https:\/\/www.cab-acr.ca\/fr\/#\/schema\/person\/fb4235c3bd348974bb0b3c427c12fbd7"},"description":"Le projet de loi C-18\u00a0: Loi sur les nouvelles en ligne, a \u00e9t\u00e9 d\u00e9pos\u00e9e par l\u2019honorable Pablo Rodriguez, ministre du Patrimoine canadien, ce matin \u00e0 la Chambre des communes.","breadcrumb":{"@id":"https:\/\/www.cab-acr.ca\/fr\/le-projet-de-loi-c-18\/#breadcrumb"},"inLanguage":"fr-FR","potentialAction":[{"@type":"ReadAction","target":["https:\/\/www.cab-acr.ca\/fr\/le-projet-de-loi-c-18\/"]}]},{"@type":"ImageObject","inLanguage":"fr-FR","@id":"https:\/\/www.cab-acr.ca\/fr\/le-projet-de-loi-c-18\/#primaryimage","url":"https:\/\/www.cab-acr.ca\/wp-content\/uploads\/2022\/04\/pexels-kaboompics-com-6335-scaled.jpg","contentUrl":"https:\/\/www.cab-acr.ca\/wp-content\/uploads\/2022\/04\/pexels-kaboompics-com-6335-scaled.jpg","width":2560,"height":1707},{"@type":"BreadcrumbList","@id":"https:\/\/www.cab-acr.ca\/fr\/le-projet-de-loi-c-18\/#breadcrumb","itemListElement":[{"@type":"ListItem","position":1,"name":"Home","item":"https:\/\/www.cab-acr.ca\/fr\/"},{"@type":"ListItem","position":2,"name":"Le projet de loi C-18\u00a0: Loi sur les nouvelles en ligne"}]},{"@type":"WebSite","@id":"https:\/\/www.cab-acr.ca\/fr\/#website","url":"https:\/\/www.cab-acr.ca\/fr\/","name":"Association canadienne des radiodiffuseurs","description":"ACR","potentialAction":[{"@type":"SearchAction","target":{"@type":"EntryPoint","urlTemplate":"https:\/\/www.cab-acr.ca\/fr\/?s={search_term_string}"},"query-input":{"@type":"PropertyValueSpecification","valueRequired":true,"valueName":"search_term_string"}}],"inLanguage":"fr-FR"},{"@type":"Person","@id":"https:\/\/www.cab-acr.ca\/fr\/#\/schema\/person\/fb4235c3bd348974bb0b3c427c12fbd7","name":"Lesley","image":{"@type":"ImageObject","inLanguage":"fr-FR","@id":"https:\/\/secure.gravatar.com\/avatar\/b7e6e40b1e26090f962df3243a4720b85aa9a190902e9cd87a6fd1d22db31c69?s=96&d=mm&r=g","url":"https:\/\/secure.gravatar.com\/avatar\/b7e6e40b1e26090f962df3243a4720b85aa9a190902e9cd87a6fd1d22db31c69?s=96&d=mm&r=g","contentUrl":"https:\/\/secure.gravatar.com\/avatar\/b7e6e40b1e26090f962df3243a4720b85aa9a190902e9cd87a6fd1d22db31c69?s=96&d=mm&r=g","caption":"Lesley"},"url":"https:\/\/www.cab-acr.ca\/fr\/author\/lesley\/"}]}},"_links":{"self":[{"href":"https:\/\/www.cab-acr.ca\/fr\/wp-json\/wp\/v2\/posts\/2294","targetHints":{"allow":["GET"]}}],"collection":[{"href":"https:\/\/www.cab-acr.ca\/fr\/wp-json\/wp\/v2\/posts"}],"about":[{"href":"https:\/\/www.cab-acr.ca\/fr\/wp-json\/wp\/v2\/types\/post"}],"author":[{"embeddable":true,"href":"https:\/\/www.cab-acr.ca\/fr\/wp-json\/wp\/v2\/users\/6"}],"replies":[{"embeddable":true,"href":"https:\/\/www.cab-acr.ca\/fr\/wp-json\/wp\/v2\/comments?post=2294"}],"version-history":[{"count":0,"href":"https:\/\/www.cab-acr.ca\/fr\/wp-json\/wp\/v2\/posts\/2294\/revisions"}],"wp:featuredmedia":[{"embeddable":true,"href":"https:\/\/www.cab-acr.ca\/fr\/wp-json\/wp\/v2\/media\/2293"}],"wp:attachment":[{"href":"https:\/\/www.cab-acr.ca\/fr\/wp-json\/wp\/v2\/media?parent=2294"}],"wp:term":[{"taxonomy":"category","embeddable":true,"href":"https:\/\/www.cab-acr.ca\/fr\/wp-json\/wp\/v2\/categories?post=2294"},{"taxonomy":"post_tag","embeddable":true,"href":"https:\/\/www.cab-acr.ca\/fr\/wp-json\/wp\/v2\/tags?post=2294"}],"curies":[{"name":"wp","href":"https:\/\/api.w.org\/{rel}","templated":true}]}}