{"id":2154,"date":"2022-02-07T17:17:42","date_gmt":"2022-02-07T17:17:42","guid":{"rendered":"https:\/\/cab-acr.ca\/a-la-memoire-dian-greenberg\/"},"modified":"2022-02-11T21:13:04","modified_gmt":"2022-02-11T21:13:04","slug":"a-la-memoire-dian-greenberg","status":"publish","type":"post","link":"https:\/\/www.cab-acr.ca\/fr\/a-la-memoire-dian-greenberg\/","title":{"rendered":"\u00c0 la m\u00e9moire d\u2019Ian Greenberg"},"content":{"rendered":"<p><span style=\"font-weight: 400;\">Le radiodiffuseur canadien, Ian Greenberg, est malheureusement d\u00e9c\u00e9d\u00e9 le 10 janvier 2022. M. Greenberg \u00e9tait l\u2019un des quatre fr\u00e8res qui ont fond\u00e9 Astral Media Inc. en 1961 \u00e0 Montr\u00e9al, QC. Cette entreprise qui existait d\u2019abord comme cha\u00eene de magasins d\u2019\u00e9quipement de photographie est devenue un chef de file dans les domaines de la radiodiffusion et des m\u00e9dias.<\/span><\/p>\n<p><span style=\"font-weight: 400;\">Reconnu comme un visionnaire du domaine des affaires, M. Greenberg a occup\u00e9 le poste de PDG d\u2019Astral de 1995 \u00e0 2013, lorsque l\u2019entreprise a \u00e9t\u00e9 acquise par BCE. Il devenait ensuite le directeur du conseil d\u2019administration de l\u2019entreprise.<\/span><\/p>\n<p><span style=\"font-weight: 400;\">Astral Media a \u00e9volu\u00e9 pour devenir une entit\u00e9 de m\u00e9dias et de communication qui a fait l\u2019acquisition de stations de radio et de canaux de services de t\u00e9l\u00e9vision payante. Sous la direction d\u2019Ian, l\u2019entreprise s\u2019est transform\u00e9e en le service de radio priv\u00e9 le plus important du pays.<\/span><\/p>\n<p><span>Greenberg fut intronis\u00e9 \u00e0 l\u2019Ordre du m\u00e9rite de l\u2019ACR en 2008 pour son impact remarquable sur le secteur et la superbe contribution qu\u2019il lui a apport\u00e9e. Il est \u00e9galement le r\u00e9cipiendaire du <\/span><i><span>Eleanor Roosevelt Humanities Award<\/span><\/i><span> (1993), et il fut intronis\u00e9 au <\/span><i><span>Canadian Broadcast Industry Hall of Fame<\/span><\/i><span> en 2014.<\/span><\/p>\n<p><span style=\"font-weight: 400;\">Pour en savoir davantage sur Ian Greenberg, visiter :<\/span><a href=\"https:\/\/www.broadcasting-history.ca\/personalities\/greenberg-ian\"><span style=\"font-weight: 400;\"> https:\/\/www.broadcasting-history.ca\/personalities\/greenberg-ian<\/span><\/a><\/p>\n","protected":false},"excerpt":{"rendered":"<p>Le radiodiffuseur canadien, Ian Greenberg, est malheureusement d\u00e9c\u00e9d\u00e9 le 10 janvier 2022. M. Greenberg \u00e9tait l\u2019un des quatre fr\u00e8res qui ont fond\u00e9 Astral Media Inc. en 1961 \u00e0 Montr\u00e9al, QC. Cette entreprise qui existait d\u2019abord comme cha\u00eene de magasins d\u2019\u00e9quipement de photographie est devenue un chef de file dans les domaines de la radiodiffusion et [&hellip;]<\/p>\n","protected":false},"author":4,"featured_media":1404,"comment_status":"closed","ping_status":"open","sticky":false,"template":"","format":"standard","meta":{"_acf_changed":false,"_genesis_hide_title":false,"_genesis_hide_breadcrumbs":false,"_genesis_hide_singular_image":false,"_genesis_hide_footer_widgets":false,"_genesis_custom_body_class":"","_genesis_custom_post_class":"","_genesis_layout":"","footnotes":""},"categories":[82],"tags":[],"class_list":{"0":"post-2154","1":"post","2":"type-post","3":"status-publish","4":"format-standard","5":"has-post-thumbnail","7":"category-nouvelles-du-secteur","8":"entry"},"acf":[],"yoast_head":"<!-- This site is optimized with the Yoast SEO plugin v27.5 - https:\/\/yoast.com\/product\/yoast-seo-wordpress\/ -->\n<title>\u00c0 la m\u00e9moire d\u2019Ian Greenberg - Association canadienne des radiodiffuseurs<\/title>\n<meta name=\"robots\" content=\"index, follow, max-snippet:-1, max-image-preview:large, max-video-preview:-1\" \/>\n<link rel=\"canonical\" href=\"https:\/\/www.cab-acr.ca\/fr\/a-la-memoire-dian-greenberg\/\" \/>\n<meta property=\"og:locale\" content=\"fr_FR\" \/>\n<meta property=\"og:type\" content=\"article\" \/>\n<meta property=\"og:title\" content=\"\u00c0 la m\u00e9moire d\u2019Ian Greenberg - Association canadienne des radiodiffuseurs\" \/>\n<meta property=\"og:description\" content=\"Le radiodiffuseur canadien, Ian Greenberg, est malheureusement d\u00e9c\u00e9d\u00e9 le 10 janvier 2022. M. Greenberg \u00e9tait l\u2019un des quatre fr\u00e8res qui ont fond\u00e9 Astral Media Inc. en 1961 \u00e0 Montr\u00e9al, QC. Cette entreprise qui existait d\u2019abord comme cha\u00eene de magasins d\u2019\u00e9quipement de photographie est devenue un chef de file dans les domaines de la radiodiffusion et [&hellip;]\" \/>\n<meta property=\"og:url\" content=\"https:\/\/www.cab-acr.ca\/fr\/a-la-memoire-dian-greenberg\/\" \/>\n<meta property=\"og:site_name\" content=\"Association canadienne des radiodiffuseurs\" \/>\n<meta property=\"article:published_time\" content=\"2022-02-07T17:17:42+00:00\" \/>\n<meta property=\"article:modified_time\" content=\"2022-02-11T21:13:04+00:00\" \/>\n<meta property=\"og:image\" content=\"https:\/\/www.cab-acr.ca\/wp-content\/uploads\/2022\/01\/News-Article-3_-_Remembering-Ian-Greenberg_-Ian-Greenberg-by-The-Canadian-Press-Chris-Young.png\" \/>\n\t<meta property=\"og:image:width\" content=\"1181\" \/>\n\t<meta property=\"og:image:height\" content=\"658\" \/>\n\t<meta property=\"og:image:type\" content=\"image\/png\" \/>\n<meta name=\"author\" content=\"CAB Communications\" \/>\n<meta name=\"twitter:card\" content=\"summary_large_image\" \/>\n<meta name=\"twitter:label1\" content=\"\u00c9crit par\" \/>\n\t<meta name=\"twitter:data1\" content=\"CAB Communications\" \/>\n\t<meta name=\"twitter:label2\" content=\"Dur\u00e9e de lecture estim\u00e9e\" \/>\n\t<meta name=\"twitter:data2\" content=\"1 minute\" \/>\n<script type=\"application\/ld+json\" class=\"yoast-schema-graph\">{\"@context\":\"https:\\\/\\\/schema.org\",\"@graph\":[{\"@type\":\"Article\",\"@id\":\"https:\\\/\\\/www.cab-acr.ca\\\/fr\\\/a-la-memoire-dian-greenberg\\\/#article\",\"isPartOf\":{\"@id\":\"https:\\\/\\\/www.cab-acr.ca\\\/fr\\\/a-la-memoire-dian-greenberg\\\/\"},\"author\":{\"name\":\"CAB Communications\",\"@id\":\"https:\\\/\\\/www.cab-acr.ca\\\/fr\\\/#\\\/schema\\\/person\\\/b755e04f40c793d37120874258c9f0ad\"},\"headline\":\"\u00c0 la m\u00e9moire d\u2019Ian Greenberg\",\"datePublished\":\"2022-02-07T17:17:42+00:00\",\"dateModified\":\"2022-02-11T21:13:04+00:00\",\"mainEntityOfPage\":{\"@id\":\"https:\\\/\\\/www.cab-acr.ca\\\/fr\\\/a-la-memoire-dian-greenberg\\\/\"},\"wordCount\":228,\"image\":{\"@id\":\"https:\\\/\\\/www.cab-acr.ca\\\/fr\\\/a-la-memoire-dian-greenberg\\\/#primaryimage\"},\"thumbnailUrl\":\"https:\\\/\\\/www.cab-acr.ca\\\/wp-content\\\/uploads\\\/2022\\\/01\\\/News-Article-3_-_Remembering-Ian-Greenberg_-Ian-Greenberg-by-The-Canadian-Press-Chris-Young.png\",\"articleSection\":[\"Nouvelles du secteur\"],\"inLanguage\":\"fr-FR\"},{\"@type\":\"WebPage\",\"@id\":\"https:\\\/\\\/www.cab-acr.ca\\\/fr\\\/a-la-memoire-dian-greenberg\\\/\",\"url\":\"https:\\\/\\\/www.cab-acr.ca\\\/fr\\\/a-la-memoire-dian-greenberg\\\/\",\"name\":\"\u00c0 la m\u00e9moire d\u2019Ian Greenberg - Association canadienne des radiodiffuseurs\",\"isPartOf\":{\"@id\":\"https:\\\/\\\/www.cab-acr.ca\\\/fr\\\/#website\"},\"primaryImageOfPage\":{\"@id\":\"https:\\\/\\\/www.cab-acr.ca\\\/fr\\\/a-la-memoire-dian-greenberg\\\/#primaryimage\"},\"image\":{\"@id\":\"https:\\\/\\\/www.cab-acr.ca\\\/fr\\\/a-la-memoire-dian-greenberg\\\/#primaryimage\"},\"thumbnailUrl\":\"https:\\\/\\\/www.cab-acr.ca\\\/wp-content\\\/uploads\\\/2022\\\/01\\\/News-Article-3_-_Remembering-Ian-Greenberg_-Ian-Greenberg-by-The-Canadian-Press-Chris-Young.png\",\"datePublished\":\"2022-02-07T17:17:42+00:00\",\"dateModified\":\"2022-02-11T21:13:04+00:00\",\"author\":{\"@id\":\"https:\\\/\\\/www.cab-acr.ca\\\/fr\\\/#\\\/schema\\\/person\\\/b755e04f40c793d37120874258c9f0ad\"},\"breadcrumb\":{\"@id\":\"https:\\\/\\\/www.cab-acr.ca\\\/fr\\\/a-la-memoire-dian-greenberg\\\/#breadcrumb\"},\"inLanguage\":\"fr-FR\",\"potentialAction\":[{\"@type\":\"ReadAction\",\"target\":[\"https:\\\/\\\/www.cab-acr.ca\\\/fr\\\/a-la-memoire-dian-greenberg\\\/\"]}]},{\"@type\":\"ImageObject\",\"inLanguage\":\"fr-FR\",\"@id\":\"https:\\\/\\\/www.cab-acr.ca\\\/fr\\\/a-la-memoire-dian-greenberg\\\/#primaryimage\",\"url\":\"https:\\\/\\\/www.cab-acr.ca\\\/wp-content\\\/uploads\\\/2022\\\/01\\\/News-Article-3_-_Remembering-Ian-Greenberg_-Ian-Greenberg-by-The-Canadian-Press-Chris-Young.png\",\"contentUrl\":\"https:\\\/\\\/www.cab-acr.ca\\\/wp-content\\\/uploads\\\/2022\\\/01\\\/News-Article-3_-_Remembering-Ian-Greenberg_-Ian-Greenberg-by-The-Canadian-Press-Chris-Young.png\",\"width\":1181,\"height\":658},{\"@type\":\"BreadcrumbList\",\"@id\":\"https:\\\/\\\/www.cab-acr.ca\\\/fr\\\/a-la-memoire-dian-greenberg\\\/#breadcrumb\",\"itemListElement\":[{\"@type\":\"ListItem\",\"position\":1,\"name\":\"Home\",\"item\":\"https:\\\/\\\/www.cab-acr.ca\\\/fr\\\/\"},{\"@type\":\"ListItem\",\"position\":2,\"name\":\"\u00c0 la m\u00e9moire d\u2019Ian Greenberg\"}]},{\"@type\":\"WebSite\",\"@id\":\"https:\\\/\\\/www.cab-acr.ca\\\/fr\\\/#website\",\"url\":\"https:\\\/\\\/www.cab-acr.ca\\\/fr\\\/\",\"name\":\"Association canadienne des radiodiffuseurs\",\"description\":\"ACR\",\"potentialAction\":[{\"@type\":\"SearchAction\",\"target\":{\"@type\":\"EntryPoint\",\"urlTemplate\":\"https:\\\/\\\/www.cab-acr.ca\\\/fr\\\/?s={search_term_string}\"},\"query-input\":{\"@type\":\"PropertyValueSpecification\",\"valueRequired\":true,\"valueName\":\"search_term_string\"}}],\"inLanguage\":\"fr-FR\"},{\"@type\":\"Person\",\"@id\":\"https:\\\/\\\/www.cab-acr.ca\\\/fr\\\/#\\\/schema\\\/person\\\/b755e04f40c793d37120874258c9f0ad\",\"name\":\"CAB Communications\",\"image\":{\"@type\":\"ImageObject\",\"inLanguage\":\"fr-FR\",\"@id\":\"https:\\\/\\\/secure.gravatar.com\\\/avatar\\\/74fa13dc3f0fac29ef135306c361eec9d5dfa0a09d4c188f11c4fe2f6d566697?s=96&d=mm&r=g\",\"url\":\"https:\\\/\\\/secure.gravatar.com\\\/avatar\\\/74fa13dc3f0fac29ef135306c361eec9d5dfa0a09d4c188f11c4fe2f6d566697?s=96&d=mm&r=g\",\"contentUrl\":\"https:\\\/\\\/secure.gravatar.com\\\/avatar\\\/74fa13dc3f0fac29ef135306c361eec9d5dfa0a09d4c188f11c4fe2f6d566697?s=96&d=mm&r=g\",\"caption\":\"CAB Communications\"},\"url\":\"https:\\\/\\\/www.cab-acr.ca\\\/fr\\\/author\\\/cab-communications\\\/\"}]}<\/script>\n<!-- \/ Yoast SEO plugin. -->","yoast_head_json":{"title":"\u00c0 la m\u00e9moire d\u2019Ian Greenberg - Association canadienne des radiodiffuseurs","robots":{"index":"index","follow":"follow","max-snippet":"max-snippet:-1","max-image-preview":"max-image-preview:large","max-video-preview":"max-video-preview:-1"},"canonical":"https:\/\/www.cab-acr.ca\/fr\/a-la-memoire-dian-greenberg\/","og_locale":"fr_FR","og_type":"article","og_title":"\u00c0 la m\u00e9moire d\u2019Ian Greenberg - Association canadienne des radiodiffuseurs","og_description":"Le radiodiffuseur canadien, Ian Greenberg, est malheureusement d\u00e9c\u00e9d\u00e9 le 10 janvier 2022. M. Greenberg \u00e9tait l\u2019un des quatre fr\u00e8res qui ont fond\u00e9 Astral Media Inc. en 1961 \u00e0 Montr\u00e9al, QC. Cette entreprise qui existait d\u2019abord comme cha\u00eene de magasins d\u2019\u00e9quipement de photographie est devenue un chef de file dans les domaines de la radiodiffusion et [&hellip;]","og_url":"https:\/\/www.cab-acr.ca\/fr\/a-la-memoire-dian-greenberg\/","og_site_name":"Association canadienne des radiodiffuseurs","article_published_time":"2022-02-07T17:17:42+00:00","article_modified_time":"2022-02-11T21:13:04+00:00","og_image":[{"width":1181,"height":658,"url":"https:\/\/www.cab-acr.ca\/wp-content\/uploads\/2022\/01\/News-Article-3_-_Remembering-Ian-Greenberg_-Ian-Greenberg-by-The-Canadian-Press-Chris-Young.png","type":"image\/png"}],"author":"CAB Communications","twitter_card":"summary_large_image","twitter_misc":{"\u00c9crit par":"CAB Communications","Dur\u00e9e de lecture estim\u00e9e":"1 minute"},"schema":{"@context":"https:\/\/schema.org","@graph":[{"@type":"Article","@id":"https:\/\/www.cab-acr.ca\/fr\/a-la-memoire-dian-greenberg\/#article","isPartOf":{"@id":"https:\/\/www.cab-acr.ca\/fr\/a-la-memoire-dian-greenberg\/"},"author":{"name":"CAB Communications","@id":"https:\/\/www.cab-acr.ca\/fr\/#\/schema\/person\/b755e04f40c793d37120874258c9f0ad"},"headline":"\u00c0 la m\u00e9moire d\u2019Ian Greenberg","datePublished":"2022-02-07T17:17:42+00:00","dateModified":"2022-02-11T21:13:04+00:00","mainEntityOfPage":{"@id":"https:\/\/www.cab-acr.ca\/fr\/a-la-memoire-dian-greenberg\/"},"wordCount":228,"image":{"@id":"https:\/\/www.cab-acr.ca\/fr\/a-la-memoire-dian-greenberg\/#primaryimage"},"thumbnailUrl":"https:\/\/www.cab-acr.ca\/wp-content\/uploads\/2022\/01\/News-Article-3_-_Remembering-Ian-Greenberg_-Ian-Greenberg-by-The-Canadian-Press-Chris-Young.png","articleSection":["Nouvelles du secteur"],"inLanguage":"fr-FR"},{"@type":"WebPage","@id":"https:\/\/www.cab-acr.ca\/fr\/a-la-memoire-dian-greenberg\/","url":"https:\/\/www.cab-acr.ca\/fr\/a-la-memoire-dian-greenberg\/","name":"\u00c0 la m\u00e9moire d\u2019Ian Greenberg - Association canadienne des radiodiffuseurs","isPartOf":{"@id":"https:\/\/www.cab-acr.ca\/fr\/#website"},"primaryImageOfPage":{"@id":"https:\/\/www.cab-acr.ca\/fr\/a-la-memoire-dian-greenberg\/#primaryimage"},"image":{"@id":"https:\/\/www.cab-acr.ca\/fr\/a-la-memoire-dian-greenberg\/#primaryimage"},"thumbnailUrl":"https:\/\/www.cab-acr.ca\/wp-content\/uploads\/2022\/01\/News-Article-3_-_Remembering-Ian-Greenberg_-Ian-Greenberg-by-The-Canadian-Press-Chris-Young.png","datePublished":"2022-02-07T17:17:42+00:00","dateModified":"2022-02-11T21:13:04+00:00","author":{"@id":"https:\/\/www.cab-acr.ca\/fr\/#\/schema\/person\/b755e04f40c793d37120874258c9f0ad"},"breadcrumb":{"@id":"https:\/\/www.cab-acr.ca\/fr\/a-la-memoire-dian-greenberg\/#breadcrumb"},"inLanguage":"fr-FR","potentialAction":[{"@type":"ReadAction","target":["https:\/\/www.cab-acr.ca\/fr\/a-la-memoire-dian-greenberg\/"]}]},{"@type":"ImageObject","inLanguage":"fr-FR","@id":"https:\/\/www.cab-acr.ca\/fr\/a-la-memoire-dian-greenberg\/#primaryimage","url":"https:\/\/www.cab-acr.ca\/wp-content\/uploads\/2022\/01\/News-Article-3_-_Remembering-Ian-Greenberg_-Ian-Greenberg-by-The-Canadian-Press-Chris-Young.png","contentUrl":"https:\/\/www.cab-acr.ca\/wp-content\/uploads\/2022\/01\/News-Article-3_-_Remembering-Ian-Greenberg_-Ian-Greenberg-by-The-Canadian-Press-Chris-Young.png","width":1181,"height":658},{"@type":"BreadcrumbList","@id":"https:\/\/www.cab-acr.ca\/fr\/a-la-memoire-dian-greenberg\/#breadcrumb","itemListElement":[{"@type":"ListItem","position":1,"name":"Home","item":"https:\/\/www.cab-acr.ca\/fr\/"},{"@type":"ListItem","position":2,"name":"\u00c0 la m\u00e9moire d\u2019Ian Greenberg"}]},{"@type":"WebSite","@id":"https:\/\/www.cab-acr.ca\/fr\/#website","url":"https:\/\/www.cab-acr.ca\/fr\/","name":"Association canadienne des radiodiffuseurs","description":"ACR","potentialAction":[{"@type":"SearchAction","target":{"@type":"EntryPoint","urlTemplate":"https:\/\/www.cab-acr.ca\/fr\/?s={search_term_string}"},"query-input":{"@type":"PropertyValueSpecification","valueRequired":true,"valueName":"search_term_string"}}],"inLanguage":"fr-FR"},{"@type":"Person","@id":"https:\/\/www.cab-acr.ca\/fr\/#\/schema\/person\/b755e04f40c793d37120874258c9f0ad","name":"CAB Communications","image":{"@type":"ImageObject","inLanguage":"fr-FR","@id":"https:\/\/secure.gravatar.com\/avatar\/74fa13dc3f0fac29ef135306c361eec9d5dfa0a09d4c188f11c4fe2f6d566697?s=96&d=mm&r=g","url":"https:\/\/secure.gravatar.com\/avatar\/74fa13dc3f0fac29ef135306c361eec9d5dfa0a09d4c188f11c4fe2f6d566697?s=96&d=mm&r=g","contentUrl":"https:\/\/secure.gravatar.com\/avatar\/74fa13dc3f0fac29ef135306c361eec9d5dfa0a09d4c188f11c4fe2f6d566697?s=96&d=mm&r=g","caption":"CAB Communications"},"url":"https:\/\/www.cab-acr.ca\/fr\/author\/cab-communications\/"}]}},"_links":{"self":[{"href":"https:\/\/www.cab-acr.ca\/fr\/wp-json\/wp\/v2\/posts\/2154","targetHints":{"allow":["GET"]}}],"collection":[{"href":"https:\/\/www.cab-acr.ca\/fr\/wp-json\/wp\/v2\/posts"}],"about":[{"href":"https:\/\/www.cab-acr.ca\/fr\/wp-json\/wp\/v2\/types\/post"}],"author":[{"embeddable":true,"href":"https:\/\/www.cab-acr.ca\/fr\/wp-json\/wp\/v2\/users\/4"}],"replies":[{"embeddable":true,"href":"https:\/\/www.cab-acr.ca\/fr\/wp-json\/wp\/v2\/comments?post=2154"}],"version-history":[{"count":0,"href":"https:\/\/www.cab-acr.ca\/fr\/wp-json\/wp\/v2\/posts\/2154\/revisions"}],"wp:featuredmedia":[{"embeddable":true,"href":"https:\/\/www.cab-acr.ca\/fr\/wp-json\/wp\/v2\/media\/1404"}],"wp:attachment":[{"href":"https:\/\/www.cab-acr.ca\/fr\/wp-json\/wp\/v2\/media?parent=2154"}],"wp:term":[{"taxonomy":"category","embeddable":true,"href":"https:\/\/www.cab-acr.ca\/fr\/wp-json\/wp\/v2\/categories?post=2154"},{"taxonomy":"post_tag","embeddable":true,"href":"https:\/\/www.cab-acr.ca\/fr\/wp-json\/wp\/v2\/tags?post=2154"}],"curies":[{"name":"wp","href":"https:\/\/api.w.org\/{rel}","templated":true}]}}